{"id":17164,"date":"2022-03-13T12:44:59","date_gmt":"2022-03-13T09:44:59","guid":{"rendered":"http:\/\/www.artnivo.com\/uncategorized\/x-istden-kagit-tas-zaman-sergisi\/"},"modified":"2022-03-13T12:44:59","modified_gmt":"2022-03-13T09:44:59","slug":"x-istden-kagit-tas-zaman-sergisi","status":"publish","type":"post","link":"http:\/\/www.artnivo.com\/en\/editorial\/art-news\/x-istden-kagit-tas-zaman-sergisi\/","title":{"rendered":"x-ist&#8217;den Ka\u011f\u0131t, Ta\u015f, Zaman Sergisi"},"content":{"rendered":"<p>17 Mart &#8211; 30 Nisan 2022 tarihleri aras\u0131nda ger\u00e7ekle\u015fecek olan &#8220;Ka\u011f\u0131t, Ta\u015f, Zaman&#8221;, Metin Alper Kurt&#8217;un x-ist&#8217;teki ilk sergisi.<\/p>\n<p>Se\u00e7ki, sanat\u00e7\u0131n\u0131n nesnelerin halleri \u00fczerindeki ak\u0131\u015fkanl\u0131k, hassasiyet ve yumu\u015fakl\u0131\u011f\u0131 vurgulamak amac\u0131yla d\u00f6n\u00fc\u015f\u00fcm anlar\u0131ndaki spontan g\u00f6r\u00fcn\u00fcmlerini ele ald\u0131\u011f\u0131 eserlerden olu\u015fuyor. Hik\u00e2ye anlat\u0131c\u0131l\u0131\u011f\u0131 yerine b\u00fct\u00fcn\u00fcn par\u00e7alar\u0131 arac\u0131l\u0131\u011f\u0131yla zaman\u0131n kendisinden \u00e7ok anlar\u0131na odaklanan Kurt; fragmanlar\u0131n\u0131n imgelerini, kulland\u0131\u011f\u0131 malzeme olan mermer arac\u0131l\u0131\u011f\u0131yla yans\u0131t\u0131yor.<\/p>\n<p>Ge\u00e7mi\u015fin, \u015fimdinin ve gelece\u011fin do\u011frusal olmayan bir rota izlerken bile b\u00fct\u00fcnc\u00fcl bir bi\u00e7imde kurguland\u0131\u011f\u0131 heykeller, &#8220;an&#8221;\u0131 zaman d\u0131\u015f\u0131 bir mecrada ifade ediyor. Seride kelimelerin nesnele\u015fip boyutlanmas\u0131 fikrinin imgesi, onlar\u0131n i\u015flendi\u011fi ka\u011f\u0131t, defter gibi objelerin anl\u0131k g\u00f6r\u00fcnt\u00fclerini aktar\u0131yor. Heykeller, hareket halindeki maddelerin ve jestlerin not edilmesi \u00e7abas\u0131n\u0131 ta\u015f\u0131yor.<\/p>\n<p>Malzemenin do\u011fas\u0131na dair sanat\u00e7\u0131n\u0131n ke\u015ffiyle a\u00e7\u0131lan yeni de\u011finmeler; sergide kat\u0131 ve a\u011f\u0131r bir malzeme olan mermerin \u00f6zenle hafifletilip bi\u00e7imlendi\u011fi heykellerde kendine t\u00fcmc\u00fcl bir g\u00f6rsel sunum yakal\u0131yor.<\/p>\n","protected":false},"excerpt":{"rendered":"<p>17 Mart &#8211; 30 Nisan 2022 tarihleri aras\u0131nda ger\u00e7ekle\u015fecek olan &#8220;Ka\u011f\u0131t, Ta\u015f, Zaman&#8221;, Metin Alper Kurt&#8217;un x-ist&#8217;teki ilk sergisi. Se\u00e7ki, sanat\u00e7\u0131n\u0131n nesnelerin halleri \u00fczerindeki ak\u0131\u015fkanl\u0131k,&#8230;<\/p>\n","protected":false},"author":2,"featured_media":0,"comment_status":"closed","ping_status":"closed","sticky":false,"template":"","format":"standard","meta":{"footnotes":""},"categories":[689],"tags":[1042],"class_list":["post-17164","post","type-post","status-publish","format-standard","hentry","category-art-news","tag-haberler-en"],"acf":[],"yoast_head":"<!-- This site is optimized with the Yoast SEO plugin v23.4 - https:\/\/yoast.com\/wordpress\/plugins\/seo\/ -->\n<title>x-ist&#039;den Ka\u011f\u0131t, Ta\u015f, Zaman Sergisi | artnivo<\/title>\n<meta name=\"description\" content=\"artnivo.com edit\u00f6ryel se\u00e7kisinde x-ist&#039;den Ka\u011f\u0131t, Ta\u015f, Zaman Sergisi ba\u015fl\u0131kl\u0131 yaz\u0131y\u0131 okumak i\u00e7in t\u0131klay\u0131n.\" \/>\n<meta name=\"robots\" content=\"index, follow, max-snippet:-1, max-image-preview:large, max-video-preview:-1\" \/>\n<link rel=\"canonical\" href=\"http:\/\/www.artnivo.com\/en\/editorial\/art-news\/x-istden-kagit-tas-zaman-sergisi\/\" \/>\n<meta property=\"og:locale\" content=\"en_US\" \/>\n<meta property=\"og:type\" content=\"article\" \/>\n<meta property=\"og:title\" content=\"x-ist&#039;den Ka\u011f\u0131t, Ta\u015f, Zaman Sergisi | artnivo\" \/>\n<meta property=\"og:description\" content=\"artnivo.com edit\u00f6ryel se\u00e7kisinde x-ist&#039;den Ka\u011f\u0131t, Ta\u015f, Zaman Sergisi ba\u015fl\u0131kl\u0131 yaz\u0131y\u0131 okumak i\u00e7in t\u0131klay\u0131n.\" \/>\n<meta property=\"og:url\" content=\"http:\/\/www.artnivo.com\/en\/editorial\/art-news\/x-istden-kagit-tas-zaman-sergisi\/\" \/>\n<meta property=\"og:site_name\" content=\"artnivo\" \/>\n<meta property=\"article:publisher\" content=\"https:\/\/www.facebook.com\/artnivocom\" \/>\n<meta property=\"article:published_time\" content=\"2022-03-13T09:44:59+00:00\" \/>\n<meta property=\"og:image\" content=\"http:\/\/www.artnivo.com\/wp-content\/uploads\/2021\/05\/artnivohomesocial.jpg\" \/>\n\t<meta property=\"og:image:width\" content=\"1000\" \/>\n\t<meta property=\"og:image:height\" content=\"565\" \/>\n\t<meta property=\"og:image:type\" content=\"image\/jpeg\" \/>\n<meta name=\"author\" content=\"\u00d6zge \u0130nal\" \/>\n<meta name=\"twitter:card\" content=\"summary_large_image\" \/>\n<meta name=\"twitter:creator\" content=\"@artnivocom\" \/>\n<meta name=\"twitter:site\" content=\"@artnivocom\" \/>\n<meta name=\"twitter:label1\" content=\"Written by\" \/>\n\t<meta name=\"twitter:data1\" content=\"\u00d6zge \u0130nal\" \/>\n\t<meta name=\"twitter:label2\" content=\"Est. reading time\" \/>\n\t<meta name=\"twitter:data2\" content=\"1 minute\" \/>\n<script type=\"application\/ld+json\" class=\"yoast-schema-graph\">{\"@context\":\"https:\/\/schema.org\",\"@graph\":[{\"@type\":\"Article\",\"@id\":\"http:\/\/www.artnivo.com\/en\/editorial\/art-news\/x-istden-kagit-tas-zaman-sergisi\/#article\",\"isPartOf\":{\"@id\":\"http:\/\/www.artnivo.com\/en\/editorial\/art-news\/x-istden-kagit-tas-zaman-sergisi\/\"},\"author\":{\"name\":\"\u00d6zge \u0130nal\",\"@id\":\"https:\/\/www.artnivo.com\/#\/schema\/person\/6e28f06515dff63e7a5a690425732624\"},\"headline\":\"x-ist&#8217;den Ka\u011f\u0131t, Ta\u015f, Zaman Sergisi\",\"datePublished\":\"2022-03-13T09:44:59+00:00\",\"dateModified\":\"2022-03-13T09:44:59+00:00\",\"mainEntityOfPage\":{\"@id\":\"http:\/\/www.artnivo.com\/en\/editorial\/art-news\/x-istden-kagit-tas-zaman-sergisi\/\"},\"wordCount\":206,\"publisher\":{\"@id\":\"https:\/\/www.artnivo.com\/#organization\"},\"keywords\":[\"Haberler\"],\"articleSection\":[\"Art News\"],\"inLanguage\":\"en-US\"},{\"@type\":\"WebPage\",\"@id\":\"http:\/\/www.artnivo.com\/en\/editorial\/art-news\/x-istden-kagit-tas-zaman-sergisi\/\",\"url\":\"http:\/\/www.artnivo.com\/en\/editorial\/art-news\/x-istden-kagit-tas-zaman-sergisi\/\",\"name\":\"x-ist'den Ka\u011f\u0131t, Ta\u015f, Zaman Sergisi | artnivo\",\"isPartOf\":{\"@id\":\"https:\/\/www.artnivo.com\/#website\"},\"datePublished\":\"2022-03-13T09:44:59+00:00\",\"dateModified\":\"2022-03-13T09:44:59+00:00\",\"description\":\"artnivo.com edit\u00f6ryel se\u00e7kisinde x-ist'den Ka\u011f\u0131t, Ta\u015f, Zaman Sergisi ba\u015fl\u0131kl\u0131 yaz\u0131y\u0131 okumak i\u00e7in t\u0131klay\u0131n.\",\"breadcrumb\":{\"@id\":\"http:\/\/www.artnivo.com\/en\/editorial\/art-news\/x-istden-kagit-tas-zaman-sergisi\/#breadcrumb\"},\"inLanguage\":\"en-US\",\"potentialAction\":[{\"@type\":\"ReadAction\",\"target\":[\"http:\/\/www.artnivo.com\/en\/editorial\/art-news\/x-istden-kagit-tas-zaman-sergisi\/\"]}]},{\"@type\":\"BreadcrumbList\",\"@id\":\"http:\/\/www.artnivo.com\/en\/editorial\/art-news\/x-istden-kagit-tas-zaman-sergisi\/#breadcrumb\",\"itemListElement\":[{\"@type\":\"ListItem\",\"position\":1,\"name\":\"Anasayfa\",\"item\":\"https:\/\/www.artnivo.com\/en\/\"},{\"@type\":\"ListItem\",\"position\":2,\"name\":\"x-ist&#8217;den Ka\u011f\u0131t, Ta\u015f, Zaman Sergisi\"}]},{\"@type\":\"WebSite\",\"@id\":\"https:\/\/www.artnivo.com\/#website\",\"url\":\"https:\/\/www.artnivo.com\/\",\"name\":\"artnivo\",\"description\":\"\",\"publisher\":{\"@id\":\"https:\/\/www.artnivo.com\/#organization\"},\"potentialAction\":[{\"@type\":\"SearchAction\",\"target\":{\"@type\":\"EntryPoint\",\"urlTemplate\":\"https:\/\/www.artnivo.com\/?s={search_term_string}\"},\"query-input\":{\"@type\":\"PropertyValueSpecification\",\"valueRequired\":true,\"valueName\":\"search_term_string\"}}],\"inLanguage\":\"en-US\"},{\"@type\":\"Organization\",\"@id\":\"https:\/\/www.artnivo.com\/#organization\",\"name\":\"artnivo\",\"url\":\"https:\/\/www.artnivo.com\/\",\"logo\":{\"@type\":\"ImageObject\",\"inLanguage\":\"en-US\",\"@id\":\"https:\/\/www.artnivo.com\/#\/schema\/logo\/image\/\",\"url\":\"http:\/\/www.artnivo.com\/wp-content\/uploads\/2021\/05\/artnivokare.jpg\",\"contentUrl\":\"http:\/\/www.artnivo.com\/wp-content\/uploads\/2021\/05\/artnivokare.jpg\",\"width\":750,\"height\":750,\"caption\":\"artnivo\"},\"image\":{\"@id\":\"https:\/\/www.artnivo.com\/#\/schema\/logo\/image\/\"},\"sameAs\":[\"https:\/\/www.facebook.com\/artnivocom\",\"https:\/\/x.com\/artnivocom\",\"http:\/\/instagram.com\/artnivocom\/\",\"https:\/\/www.pinterest.com\/artnivocom\/\",\"https:\/\/www.youtube.com\/channel\/UC__bxk2hs4IZ4NiD1Bg4J9w\"]},{\"@type\":\"Person\",\"@id\":\"https:\/\/www.artnivo.com\/#\/schema\/person\/6e28f06515dff63e7a5a690425732624\",\"name\":\"\u00d6zge \u0130nal\",\"image\":{\"@type\":\"ImageObject\",\"inLanguage\":\"en-US\",\"@id\":\"https:\/\/www.artnivo.com\/#\/schema\/person\/image\/\",\"url\":\"https:\/\/secure.gravatar.com\/avatar\/bd17da66c1f10cea1ce12f28ab22e1ad367c1452167fd4b1be1411e9e6d68fa2?s=96&d=mm&r=g\",\"contentUrl\":\"https:\/\/secure.gravatar.com\/avatar\/bd17da66c1f10cea1ce12f28ab22e1ad367c1452167fd4b1be1411e9e6d68fa2?s=96&d=mm&r=g\",\"caption\":\"\u00d6zge \u0130nal\"}}]}<\/script>\n<!-- \/ Yoast SEO plugin. -->","yoast_head_json":{"title":"x-ist'den Ka\u011f\u0131t, Ta\u015f, Zaman Sergisi | artnivo","description":"artnivo.com edit\u00f6ryel se\u00e7kisinde x-ist'den Ka\u011f\u0131t, Ta\u015f, Zaman Sergisi ba\u015fl\u0131kl\u0131 yaz\u0131y\u0131 okumak i\u00e7in t\u0131klay\u0131n.","robots":{"index":"index","follow":"follow","max-snippet":"max-snippet:-1","max-image-preview":"max-image-preview:large","max-video-preview":"max-video-preview:-1"},"canonical":"http:\/\/www.artnivo.com\/en\/editorial\/art-news\/x-istden-kagit-tas-zaman-sergisi\/","og_locale":"en_US","og_type":"article","og_title":"x-ist'den Ka\u011f\u0131t, Ta\u015f, Zaman Sergisi | artnivo","og_description":"artnivo.com edit\u00f6ryel se\u00e7kisinde x-ist'den Ka\u011f\u0131t, Ta\u015f, Zaman Sergisi ba\u015fl\u0131kl\u0131 yaz\u0131y\u0131 okumak i\u00e7in t\u0131klay\u0131n.","og_url":"http:\/\/www.artnivo.com\/en\/editorial\/art-news\/x-istden-kagit-tas-zaman-sergisi\/","og_site_name":"artnivo","article_publisher":"https:\/\/www.facebook.com\/artnivocom","article_published_time":"2022-03-13T09:44:59+00:00","og_image":[{"width":1000,"height":565,"url":"http:\/\/www.artnivo.com\/wp-content\/uploads\/2021\/05\/artnivohomesocial.jpg","type":"image\/jpeg"}],"author":"\u00d6zge \u0130nal","twitter_card":"summary_large_image","twitter_creator":"@artnivocom","twitter_site":"@artnivocom","twitter_misc":{"Written by":"\u00d6zge \u0130nal","Est. reading time":"1 minute"},"schema":{"@context":"https:\/\/schema.org","@graph":[{"@type":"Article","@id":"http:\/\/www.artnivo.com\/en\/editorial\/art-news\/x-istden-kagit-tas-zaman-sergisi\/#article","isPartOf":{"@id":"http:\/\/www.artnivo.com\/en\/editorial\/art-news\/x-istden-kagit-tas-zaman-sergisi\/"},"author":{"name":"\u00d6zge \u0130nal","@id":"https:\/\/www.artnivo.com\/#\/schema\/person\/6e28f06515dff63e7a5a690425732624"},"headline":"x-ist&#8217;den Ka\u011f\u0131t, Ta\u015f, Zaman Sergisi","datePublished":"2022-03-13T09:44:59+00:00","dateModified":"2022-03-13T09:44:59+00:00","mainEntityOfPage":{"@id":"http:\/\/www.artnivo.com\/en\/editorial\/art-news\/x-istden-kagit-tas-zaman-sergisi\/"},"wordCount":206,"publisher":{"@id":"https:\/\/www.artnivo.com\/#organization"},"keywords":["Haberler"],"articleSection":["Art News"],"inLanguage":"en-US"},{"@type":"WebPage","@id":"http:\/\/www.artnivo.com\/en\/editorial\/art-news\/x-istden-kagit-tas-zaman-sergisi\/","url":"http:\/\/www.artnivo.com\/en\/editorial\/art-news\/x-istden-kagit-tas-zaman-sergisi\/","name":"x-ist'den Ka\u011f\u0131t, Ta\u015f, Zaman Sergisi | artnivo","isPartOf":{"@id":"https:\/\/www.artnivo.com\/#website"},"datePublished":"2022-03-13T09:44:59+00:00","dateModified":"2022-03-13T09:44:59+00:00","description":"artnivo.com edit\u00f6ryel se\u00e7kisinde x-ist'den Ka\u011f\u0131t, Ta\u015f, Zaman Sergisi ba\u015fl\u0131kl\u0131 yaz\u0131y\u0131 okumak i\u00e7in t\u0131klay\u0131n.","breadcrumb":{"@id":"http:\/\/www.artnivo.com\/en\/editorial\/art-news\/x-istden-kagit-tas-zaman-sergisi\/#breadcrumb"},"inLanguage":"en-US","potentialAction":[{"@type":"ReadAction","target":["http:\/\/www.artnivo.com\/en\/editorial\/art-news\/x-istden-kagit-tas-zaman-sergisi\/"]}]},{"@type":"BreadcrumbList","@id":"http:\/\/www.artnivo.com\/en\/editorial\/art-news\/x-istden-kagit-tas-zaman-sergisi\/#breadcrumb","itemListElement":[{"@type":"ListItem","position":1,"name":"Anasayfa","item":"https:\/\/www.artnivo.com\/en\/"},{"@type":"ListItem","position":2,"name":"x-ist&#8217;den Ka\u011f\u0131t, Ta\u015f, Zaman Sergisi"}]},{"@type":"WebSite","@id":"https:\/\/www.artnivo.com\/#website","url":"https:\/\/www.artnivo.com\/","name":"artnivo","description":"","publisher":{"@id":"https:\/\/www.artnivo.com\/#organization"},"potentialAction":[{"@type":"SearchAction","target":{"@type":"EntryPoint","urlTemplate":"https:\/\/www.artnivo.com\/?s={search_term_string}"},"query-input":{"@type":"PropertyValueSpecification","valueRequired":true,"valueName":"search_term_string"}}],"inLanguage":"en-US"},{"@type":"Organization","@id":"https:\/\/www.artnivo.com\/#organization","name":"artnivo","url":"https:\/\/www.artnivo.com\/","logo":{"@type":"ImageObject","inLanguage":"en-US","@id":"https:\/\/www.artnivo.com\/#\/schema\/logo\/image\/","url":"http:\/\/www.artnivo.com\/wp-content\/uploads\/2021\/05\/artnivokare.jpg","contentUrl":"http:\/\/www.artnivo.com\/wp-content\/uploads\/2021\/05\/artnivokare.jpg","width":750,"height":750,"caption":"artnivo"},"image":{"@id":"https:\/\/www.artnivo.com\/#\/schema\/logo\/image\/"},"sameAs":["https:\/\/www.facebook.com\/artnivocom","https:\/\/x.com\/artnivocom","http:\/\/instagram.com\/artnivocom\/","https:\/\/www.pinterest.com\/artnivocom\/","https:\/\/www.youtube.com\/channel\/UC__bxk2hs4IZ4NiD1Bg4J9w"]},{"@type":"Person","@id":"https:\/\/www.artnivo.com\/#\/schema\/person\/6e28f06515dff63e7a5a690425732624","name":"\u00d6zge \u0130nal","image":{"@type":"ImageObject","inLanguage":"en-US","@id":"https:\/\/www.artnivo.com\/#\/schema\/person\/image\/","url":"https:\/\/secure.gravatar.com\/avatar\/bd17da66c1f10cea1ce12f28ab22e1ad367c1452167fd4b1be1411e9e6d68fa2?s=96&d=mm&r=g","contentUrl":"https:\/\/secure.gravatar.com\/avatar\/bd17da66c1f10cea1ce12f28ab22e1ad367c1452167fd4b1be1411e9e6d68fa2?s=96&d=mm&r=g","caption":"\u00d6zge \u0130nal"}}]}},"_links":{"self":[{"href":"http:\/\/www.artnivo.com\/en\/wp-json\/wp\/v2\/posts\/17164","targetHints":{"allow":["GET"]}}],"collection":[{"href":"http:\/\/www.artnivo.com\/en\/wp-json\/wp\/v2\/posts"}],"about":[{"href":"http:\/\/www.artnivo.com\/en\/wp-json\/wp\/v2\/types\/post"}],"author":[{"embeddable":true,"href":"http:\/\/www.artnivo.com\/en\/wp-json\/wp\/v2\/users\/2"}],"replies":[{"embeddable":true,"href":"http:\/\/www.artnivo.com\/en\/wp-json\/wp\/v2\/comments?post=17164"}],"version-history":[{"count":0,"href":"http:\/\/www.artnivo.com\/en\/wp-json\/wp\/v2\/posts\/17164\/revisions"}],"wp:attachment":[{"href":"http:\/\/www.artnivo.com\/en\/wp-json\/wp\/v2\/media?parent=17164"}],"wp:term":[{"taxonomy":"category","embeddable":true,"href":"http:\/\/www.artnivo.com\/en\/wp-json\/wp\/v2\/categories?post=17164"},{"taxonomy":"post_tag","embeddable":true,"href":"http:\/\/www.artnivo.com\/en\/wp-json\/wp\/v2\/tags?post=17164"}],"curies":[{"name":"wp","href":"https:\/\/api.w.org\/{rel}","templated":true}]}}