{"id":13271,"date":"2015-11-02T01:49:15","date_gmt":"2015-11-01T22:49:15","guid":{"rendered":"http:\/\/www.artnivo.com\/uncategorized\/sebnem-kalyoncuoglu-unlu\/"},"modified":"2021-07-20T17:58:06","modified_gmt":"2021-07-20T14:58:06","slug":"sebnem-kalyoncuoglu-unlu","status":"publish","type":"post","link":"https:\/\/www.artnivo.com\/en\/editorial\/collectors-selection\/sebnem-kalyoncuoglu-unlu\/","title":{"rendered":"\u015eebnem Kalyoncuo\u011flu \u00dcnl\u00fc"},"content":{"rendered":"<p>\u0130lk birikimlerimizle ba\u015flad\u0131\u011f\u0131m\u0131z ve \u00e7ok severek bir araya getirdi\u011fimiz ve tamamen ki\u015fisel bak\u0131\u015f a\u00e7\u0131m\u0131z\u0131 yans\u0131tan sanat eserlerinden olu\u015fan koleksiyonumuzda T\u00fcrk \u00e7a\u011fda\u015f sanat\u0131n\u0131n \u00f6nemli isimlerine galeri mekan\u0131 d\u0131\u015f\u0131nda yeni bir alan yaratmaya \u00e7al\u0131\u015ft\u0131k ve dostlar\u0131m\u0131z ve \u00e7al\u0131\u015fanlar\u0131m\u0131zla payla\u015farak g\u00fcncel sanat\u0131n geli\u015fimini kendimizce desteklemek istedik. \u00dcNL\u00dc &amp; Co olarak T\u00fcrk ekonomisinin geli\u015fimi ve tan\u0131t\u0131m\u0131 i\u00e7in duydu\u011fumuz tutkuyu gen\u00e7 T\u00fcrk sanat\u0131 ve sanat\u00e7\u0131lar\u0131yla da birle\u015ftirerek onlarla beraber b\u00fcy\u00fcme arzusunday\u0131z. Sanat\u0131n d\u00fc\u015f\u00fcn\u00fcp de dile getiremedi\u011fimiz ya da s\u00f6ylemek isteyip de cesaret edemedi\u011fimiz ger\u00e7ekliklere nas\u0131l da arac\u0131l\u0131k etti\u011fi ve sanat\u0131n toplumdaki d\u00f6n\u00fc\u015ft\u00fcr\u00fcc\u00fc g\u00fcc\u00fc de bizim i\u00e7in \u00e7ok \u00f6nemli. Bu se\u00e7kiyi haz\u0131rlarken \u00f6ncelikle bana heyecan veren i\u015flere a\u011f\u0131rl\u0131k verdim. Dolay\u0131s\u0131yla kendi koleksiyonumuzda yer verdi\u011fimiz i\u015flere ve temalara \u00f6ncelik vermi\u015f olabilirim. Kendimden bir \u015feyler buldu\u011fum i\u015fler, bana hissettirdi\u011fi duygular ve d\u00fc\u015f\u00fcnd\u00fcrd\u00fckleri \u00f6nemli. Ayr\u0131ca sanat\u00e7\u0131n\u0131n bak\u0131\u015f a\u00e7\u0131s\u0131 ve arkas\u0131nda yatan felsefe ve hatta sanat\u00e7\u0131n\u0131n ki\u015fisel ya da sosyal konulara yakla\u015f\u0131m\u0131 da beni etkiler.<\/p>\n","protected":false},"excerpt":{"rendered":"<p>\u0130lk birikimlerimizle ba\u015flad\u0131\u011f\u0131m\u0131z ve \u00e7ok severek bir araya getirdi\u011fimiz ve tamamen ki\u015fisel bak\u0131\u015f a\u00e7\u0131m\u0131z\u0131 yans\u0131tan sanat eserlerinden olu\u015fan koleksiyonumuzda T\u00fcrk \u00e7a\u011fda\u015f sanat\u0131n\u0131n \u00f6nemli isimlerine galeri&#8230;<\/p>\n","protected":false},"author":1,"featured_media":12371,"comment_status":"closed","ping_status":"closed","sticky":false,"template":"","format":"standard","meta":{"footnotes":""},"categories":[688],"tags":[],"class_list":["post-13271","post","type-post","status-publish","format-standard","has-post-thumbnail","hentry","category-collectors-selection"],"acf":[],"yoast_head":"<!-- This site is optimized with the Yoast SEO plugin v23.4 - https:\/\/yoast.com\/wordpress\/plugins\/seo\/ -->\n<title>\u015eebnem Kalyoncuo\u011flu \u00dcnl\u00fc | artnivo<\/title>\n<meta name=\"description\" content=\"artnivo.com edit\u00f6ryel se\u00e7kisinde \u015eebnem Kalyoncuo\u011flu \u00dcnl\u00fc ba\u015fl\u0131kl\u0131 yaz\u0131y\u0131 okumak i\u00e7in t\u0131klay\u0131n.\" \/>\n<meta name=\"robots\" content=\"index, follow, max-snippet:-1, max-image-preview:large, max-video-preview:-1\" \/>\n<link rel=\"canonical\" href=\"https:\/\/www.artnivo.com\/en\/editorial\/collectors-selection\/sebnem-kalyoncuoglu-unlu\/\" \/>\n<meta property=\"og:locale\" content=\"en_US\" \/>\n<meta property=\"og:type\" content=\"article\" \/>\n<meta property=\"og:title\" content=\"\u015eebnem Kalyoncuo\u011flu \u00dcnl\u00fc | artnivo\" \/>\n<meta property=\"og:description\" content=\"artnivo.com edit\u00f6ryel se\u00e7kisinde \u015eebnem Kalyoncuo\u011flu \u00dcnl\u00fc ba\u015fl\u0131kl\u0131 yaz\u0131y\u0131 okumak i\u00e7in t\u0131klay\u0131n.\" \/>\n<meta property=\"og:url\" content=\"https:\/\/www.artnivo.com\/en\/editorial\/collectors-selection\/sebnem-kalyoncuoglu-unlu\/\" \/>\n<meta property=\"og:site_name\" content=\"artnivo\" \/>\n<meta property=\"article:publisher\" content=\"https:\/\/www.facebook.com\/artnivocom\" \/>\n<meta property=\"article:published_time\" content=\"2015-11-01T22:49:15+00:00\" \/>\n<meta property=\"article:modified_time\" content=\"2021-07-20T14:58:06+00:00\" \/>\n<meta property=\"og:image\" content=\"https:\/\/www.artnivo.com\/wp-content\/uploads\/2021\/04\/sebnem.jpg\" \/>\n\t<meta property=\"og:image:width\" content=\"1300\" \/>\n\t<meta property=\"og:image:height\" content=\"503\" \/>\n\t<meta property=\"og:image:type\" content=\"image\/jpeg\" \/>\n<meta name=\"author\" content=\"adminnivo\" \/>\n<meta name=\"twitter:card\" content=\"summary_large_image\" \/>\n<meta name=\"twitter:creator\" content=\"@artnivocom\" \/>\n<meta name=\"twitter:site\" content=\"@artnivocom\" \/>\n<meta name=\"twitter:label1\" content=\"Written by\" \/>\n\t<meta name=\"twitter:data1\" content=\"adminnivo\" \/>\n\t<meta name=\"twitter:label2\" content=\"Est. reading time\" \/>\n\t<meta name=\"twitter:data2\" content=\"1 minute\" \/>\n<script type=\"application\/ld+json\" class=\"yoast-schema-graph\">{\"@context\":\"https:\/\/schema.org\",\"@graph\":[{\"@type\":\"Article\",\"@id\":\"https:\/\/www.artnivo.com\/en\/editorial\/collectors-selection\/sebnem-kalyoncuoglu-unlu\/#article\",\"isPartOf\":{\"@id\":\"https:\/\/www.artnivo.com\/en\/editorial\/collectors-selection\/sebnem-kalyoncuoglu-unlu\/\"},\"author\":{\"name\":\"adminnivo\",\"@id\":\"https:\/\/www.artnivo.com\/#\/schema\/person\/389746eafa68ea49f6169c1cf53ed3fb\"},\"headline\":\"\u015eebnem Kalyoncuo\u011flu \u00dcnl\u00fc\",\"datePublished\":\"2015-11-01T22:49:15+00:00\",\"dateModified\":\"2021-07-20T14:58:06+00:00\",\"mainEntityOfPage\":{\"@id\":\"https:\/\/www.artnivo.com\/en\/editorial\/collectors-selection\/sebnem-kalyoncuoglu-unlu\/\"},\"wordCount\":229,\"publisher\":{\"@id\":\"https:\/\/www.artnivo.com\/#organization\"},\"image\":{\"@id\":\"https:\/\/www.artnivo.com\/en\/editorial\/collectors-selection\/sebnem-kalyoncuoglu-unlu\/#primaryimage\"},\"thumbnailUrl\":\"https:\/\/www.artnivo.com\/wp-content\/uploads\/2021\/04\/sebnem.jpg\",\"articleSection\":[\"Collector's Selection\"],\"inLanguage\":\"en-US\"},{\"@type\":\"WebPage\",\"@id\":\"https:\/\/www.artnivo.com\/en\/editorial\/collectors-selection\/sebnem-kalyoncuoglu-unlu\/\",\"url\":\"https:\/\/www.artnivo.com\/en\/editorial\/collectors-selection\/sebnem-kalyoncuoglu-unlu\/\",\"name\":\"\u015eebnem Kalyoncuo\u011flu \u00dcnl\u00fc | artnivo\",\"isPartOf\":{\"@id\":\"https:\/\/www.artnivo.com\/#website\"},\"primaryImageOfPage\":{\"@id\":\"https:\/\/www.artnivo.com\/en\/editorial\/collectors-selection\/sebnem-kalyoncuoglu-unlu\/#primaryimage\"},\"image\":{\"@id\":\"https:\/\/www.artnivo.com\/en\/editorial\/collectors-selection\/sebnem-kalyoncuoglu-unlu\/#primaryimage\"},\"thumbnailUrl\":\"https:\/\/www.artnivo.com\/wp-content\/uploads\/2021\/04\/sebnem.jpg\",\"datePublished\":\"2015-11-01T22:49:15+00:00\",\"dateModified\":\"2021-07-20T14:58:06+00:00\",\"description\":\"artnivo.com edit\u00f6ryel se\u00e7kisinde \u015eebnem Kalyoncuo\u011flu \u00dcnl\u00fc ba\u015fl\u0131kl\u0131 yaz\u0131y\u0131 okumak i\u00e7in t\u0131klay\u0131n.\",\"breadcrumb\":{\"@id\":\"https:\/\/www.artnivo.com\/en\/editorial\/collectors-selection\/sebnem-kalyoncuoglu-unlu\/#breadcrumb\"},\"inLanguage\":\"en-US\",\"potentialAction\":[{\"@type\":\"ReadAction\",\"target\":[\"https:\/\/www.artnivo.com\/en\/editorial\/collectors-selection\/sebnem-kalyoncuoglu-unlu\/\"]}]},{\"@type\":\"ImageObject\",\"inLanguage\":\"en-US\",\"@id\":\"https:\/\/www.artnivo.com\/en\/editorial\/collectors-selection\/sebnem-kalyoncuoglu-unlu\/#primaryimage\",\"url\":\"https:\/\/www.artnivo.com\/wp-content\/uploads\/2021\/04\/sebnem.jpg\",\"contentUrl\":\"https:\/\/www.artnivo.com\/wp-content\/uploads\/2021\/04\/sebnem.jpg\",\"width\":1300,\"height\":503},{\"@type\":\"BreadcrumbList\",\"@id\":\"https:\/\/www.artnivo.com\/en\/editorial\/collectors-selection\/sebnem-kalyoncuoglu-unlu\/#breadcrumb\",\"itemListElement\":[{\"@type\":\"ListItem\",\"position\":1,\"name\":\"Anasayfa\",\"item\":\"https:\/\/www.artnivo.com\/en\/\"},{\"@type\":\"ListItem\",\"position\":2,\"name\":\"\u015eebnem Kalyoncuo\u011flu \u00dcnl\u00fc\"}]},{\"@type\":\"WebSite\",\"@id\":\"https:\/\/www.artnivo.com\/#website\",\"url\":\"https:\/\/www.artnivo.com\/\",\"name\":\"artnivo\",\"description\":\"\",\"publisher\":{\"@id\":\"https:\/\/www.artnivo.com\/#organization\"},\"potentialAction\":[{\"@type\":\"SearchAction\",\"target\":{\"@type\":\"EntryPoint\",\"urlTemplate\":\"https:\/\/www.artnivo.com\/?s={search_term_string}\"},\"query-input\":{\"@type\":\"PropertyValueSpecification\",\"valueRequired\":true,\"valueName\":\"search_term_string\"}}],\"inLanguage\":\"en-US\"},{\"@type\":\"Organization\",\"@id\":\"https:\/\/www.artnivo.com\/#organization\",\"name\":\"artnivo\",\"url\":\"https:\/\/www.artnivo.com\/\",\"logo\":{\"@type\":\"ImageObject\",\"inLanguage\":\"en-US\",\"@id\":\"https:\/\/www.artnivo.com\/#\/schema\/logo\/image\/\",\"url\":\"http:\/\/www.artnivo.com\/wp-content\/uploads\/2021\/05\/artnivokare.jpg\",\"contentUrl\":\"http:\/\/www.artnivo.com\/wp-content\/uploads\/2021\/05\/artnivokare.jpg\",\"width\":750,\"height\":750,\"caption\":\"artnivo\"},\"image\":{\"@id\":\"https:\/\/www.artnivo.com\/#\/schema\/logo\/image\/\"},\"sameAs\":[\"https:\/\/www.facebook.com\/artnivocom\",\"https:\/\/x.com\/artnivocom\",\"http:\/\/instagram.com\/artnivocom\/\",\"https:\/\/www.pinterest.com\/artnivocom\/\",\"https:\/\/www.youtube.com\/channel\/UC__bxk2hs4IZ4NiD1Bg4J9w\"]},{\"@type\":\"Person\",\"@id\":\"https:\/\/www.artnivo.com\/#\/schema\/person\/389746eafa68ea49f6169c1cf53ed3fb\",\"name\":\"adminnivo\",\"image\":{\"@type\":\"ImageObject\",\"inLanguage\":\"en-US\",\"@id\":\"https:\/\/www.artnivo.com\/#\/schema\/person\/image\/\",\"url\":\"https:\/\/secure.gravatar.com\/avatar\/a4e7499f837fe391f2a7e268ac119dcf8a8b7c3605d4e81d8623f5aa0936c482?s=96&d=mm&r=g\",\"contentUrl\":\"https:\/\/secure.gravatar.com\/avatar\/a4e7499f837fe391f2a7e268ac119dcf8a8b7c3605d4e81d8623f5aa0936c482?s=96&d=mm&r=g\",\"caption\":\"adminnivo\"},\"sameAs\":[\"http:\/\/www.artnivo.com\"]}]}<\/script>\n<!-- \/ Yoast SEO plugin. -->","yoast_head_json":{"title":"\u015eebnem Kalyoncuo\u011flu \u00dcnl\u00fc | artnivo","description":"artnivo.com edit\u00f6ryel se\u00e7kisinde \u015eebnem Kalyoncuo\u011flu \u00dcnl\u00fc ba\u015fl\u0131kl\u0131 yaz\u0131y\u0131 okumak i\u00e7in t\u0131klay\u0131n.","robots":{"index":"index","follow":"follow","max-snippet":"max-snippet:-1","max-image-preview":"max-image-preview:large","max-video-preview":"max-video-preview:-1"},"canonical":"https:\/\/www.artnivo.com\/en\/editorial\/collectors-selection\/sebnem-kalyoncuoglu-unlu\/","og_locale":"en_US","og_type":"article","og_title":"\u015eebnem Kalyoncuo\u011flu \u00dcnl\u00fc | artnivo","og_description":"artnivo.com edit\u00f6ryel se\u00e7kisinde \u015eebnem Kalyoncuo\u011flu \u00dcnl\u00fc ba\u015fl\u0131kl\u0131 yaz\u0131y\u0131 okumak i\u00e7in t\u0131klay\u0131n.","og_url":"https:\/\/www.artnivo.com\/en\/editorial\/collectors-selection\/sebnem-kalyoncuoglu-unlu\/","og_site_name":"artnivo","article_publisher":"https:\/\/www.facebook.com\/artnivocom","article_published_time":"2015-11-01T22:49:15+00:00","article_modified_time":"2021-07-20T14:58:06+00:00","og_image":[{"width":1300,"height":503,"url":"https:\/\/www.artnivo.com\/wp-content\/uploads\/2021\/04\/sebnem.jpg","type":"image\/jpeg"}],"author":"adminnivo","twitter_card":"summary_large_image","twitter_creator":"@artnivocom","twitter_site":"@artnivocom","twitter_misc":{"Written by":"adminnivo","Est. reading time":"1 minute"},"schema":{"@context":"https:\/\/schema.org","@graph":[{"@type":"Article","@id":"https:\/\/www.artnivo.com\/en\/editorial\/collectors-selection\/sebnem-kalyoncuoglu-unlu\/#article","isPartOf":{"@id":"https:\/\/www.artnivo.com\/en\/editorial\/collectors-selection\/sebnem-kalyoncuoglu-unlu\/"},"author":{"name":"adminnivo","@id":"https:\/\/www.artnivo.com\/#\/schema\/person\/389746eafa68ea49f6169c1cf53ed3fb"},"headline":"\u015eebnem Kalyoncuo\u011flu \u00dcnl\u00fc","datePublished":"2015-11-01T22:49:15+00:00","dateModified":"2021-07-20T14:58:06+00:00","mainEntityOfPage":{"@id":"https:\/\/www.artnivo.com\/en\/editorial\/collectors-selection\/sebnem-kalyoncuoglu-unlu\/"},"wordCount":229,"publisher":{"@id":"https:\/\/www.artnivo.com\/#organization"},"image":{"@id":"https:\/\/www.artnivo.com\/en\/editorial\/collectors-selection\/sebnem-kalyoncuoglu-unlu\/#primaryimage"},"thumbnailUrl":"https:\/\/www.artnivo.com\/wp-content\/uploads\/2021\/04\/sebnem.jpg","articleSection":["Collector's Selection"],"inLanguage":"en-US"},{"@type":"WebPage","@id":"https:\/\/www.artnivo.com\/en\/editorial\/collectors-selection\/sebnem-kalyoncuoglu-unlu\/","url":"https:\/\/www.artnivo.com\/en\/editorial\/collectors-selection\/sebnem-kalyoncuoglu-unlu\/","name":"\u015eebnem Kalyoncuo\u011flu \u00dcnl\u00fc | artnivo","isPartOf":{"@id":"https:\/\/www.artnivo.com\/#website"},"primaryImageOfPage":{"@id":"https:\/\/www.artnivo.com\/en\/editorial\/collectors-selection\/sebnem-kalyoncuoglu-unlu\/#primaryimage"},"image":{"@id":"https:\/\/www.artnivo.com\/en\/editorial\/collectors-selection\/sebnem-kalyoncuoglu-unlu\/#primaryimage"},"thumbnailUrl":"https:\/\/www.artnivo.com\/wp-content\/uploads\/2021\/04\/sebnem.jpg","datePublished":"2015-11-01T22:49:15+00:00","dateModified":"2021-07-20T14:58:06+00:00","description":"artnivo.com edit\u00f6ryel se\u00e7kisinde \u015eebnem Kalyoncuo\u011flu \u00dcnl\u00fc ba\u015fl\u0131kl\u0131 yaz\u0131y\u0131 okumak i\u00e7in t\u0131klay\u0131n.","breadcrumb":{"@id":"https:\/\/www.artnivo.com\/en\/editorial\/collectors-selection\/sebnem-kalyoncuoglu-unlu\/#breadcrumb"},"inLanguage":"en-US","potentialAction":[{"@type":"ReadAction","target":["https:\/\/www.artnivo.com\/en\/editorial\/collectors-selection\/sebnem-kalyoncuoglu-unlu\/"]}]},{"@type":"ImageObject","inLanguage":"en-US","@id":"https:\/\/www.artnivo.com\/en\/editorial\/collectors-selection\/sebnem-kalyoncuoglu-unlu\/#primaryimage","url":"https:\/\/www.artnivo.com\/wp-content\/uploads\/2021\/04\/sebnem.jpg","contentUrl":"https:\/\/www.artnivo.com\/wp-content\/uploads\/2021\/04\/sebnem.jpg","width":1300,"height":503},{"@type":"BreadcrumbList","@id":"https:\/\/www.artnivo.com\/en\/editorial\/collectors-selection\/sebnem-kalyoncuoglu-unlu\/#breadcrumb","itemListElement":[{"@type":"ListItem","position":1,"name":"Anasayfa","item":"https:\/\/www.artnivo.com\/en\/"},{"@type":"ListItem","position":2,"name":"\u015eebnem Kalyoncuo\u011flu \u00dcnl\u00fc"}]},{"@type":"WebSite","@id":"https:\/\/www.artnivo.com\/#website","url":"https:\/\/www.artnivo.com\/","name":"artnivo","description":"","publisher":{"@id":"https:\/\/www.artnivo.com\/#organization"},"potentialAction":[{"@type":"SearchAction","target":{"@type":"EntryPoint","urlTemplate":"https:\/\/www.artnivo.com\/?s={search_term_string}"},"query-input":{"@type":"PropertyValueSpecification","valueRequired":true,"valueName":"search_term_string"}}],"inLanguage":"en-US"},{"@type":"Organization","@id":"https:\/\/www.artnivo.com\/#organization","name":"artnivo","url":"https:\/\/www.artnivo.com\/","logo":{"@type":"ImageObject","inLanguage":"en-US","@id":"https:\/\/www.artnivo.com\/#\/schema\/logo\/image\/","url":"http:\/\/www.artnivo.com\/wp-content\/uploads\/2021\/05\/artnivokare.jpg","contentUrl":"http:\/\/www.artnivo.com\/wp-content\/uploads\/2021\/05\/artnivokare.jpg","width":750,"height":750,"caption":"artnivo"},"image":{"@id":"https:\/\/www.artnivo.com\/#\/schema\/logo\/image\/"},"sameAs":["https:\/\/www.facebook.com\/artnivocom","https:\/\/x.com\/artnivocom","http:\/\/instagram.com\/artnivocom\/","https:\/\/www.pinterest.com\/artnivocom\/","https:\/\/www.youtube.com\/channel\/UC__bxk2hs4IZ4NiD1Bg4J9w"]},{"@type":"Person","@id":"https:\/\/www.artnivo.com\/#\/schema\/person\/389746eafa68ea49f6169c1cf53ed3fb","name":"adminnivo","image":{"@type":"ImageObject","inLanguage":"en-US","@id":"https:\/\/www.artnivo.com\/#\/schema\/person\/image\/","url":"https:\/\/secure.gravatar.com\/avatar\/a4e7499f837fe391f2a7e268ac119dcf8a8b7c3605d4e81d8623f5aa0936c482?s=96&d=mm&r=g","contentUrl":"https:\/\/secure.gravatar.com\/avatar\/a4e7499f837fe391f2a7e268ac119dcf8a8b7c3605d4e81d8623f5aa0936c482?s=96&d=mm&r=g","caption":"adminnivo"},"sameAs":["http:\/\/www.artnivo.com"]}]}},"_links":{"self":[{"href":"https:\/\/www.artnivo.com\/en\/wp-json\/wp\/v2\/posts\/13271","targetHints":{"allow":["GET"]}}],"collection":[{"href":"https:\/\/www.artnivo.com\/en\/wp-json\/wp\/v2\/posts"}],"about":[{"href":"https:\/\/www.artnivo.com\/en\/wp-json\/wp\/v2\/types\/post"}],"author":[{"embeddable":true,"href":"https:\/\/www.artnivo.com\/en\/wp-json\/wp\/v2\/users\/1"}],"replies":[{"embeddable":true,"href":"https:\/\/www.artnivo.com\/en\/wp-json\/wp\/v2\/comments?post=13271"}],"version-history":[{"count":1,"href":"https:\/\/www.artnivo.com\/en\/wp-json\/wp\/v2\/posts\/13271\/revisions"}],"predecessor-version":[{"id":13793,"href":"https:\/\/www.artnivo.com\/en\/wp-json\/wp\/v2\/posts\/13271\/revisions\/13793"}],"wp:featuredmedia":[{"embeddable":true,"href":"https:\/\/www.artnivo.com\/en\/wp-json\/wp\/v2\/media\/12371"}],"wp:attachment":[{"href":"https:\/\/www.artnivo.com\/en\/wp-json\/wp\/v2\/media?parent=13271"}],"wp:term":[{"taxonomy":"category","embeddable":true,"href":"https:\/\/www.artnivo.com\/en\/wp-json\/wp\/v2\/categories?post=13271"},{"taxonomy":"post_tag","embeddable":true,"href":"https:\/\/www.artnivo.com\/en\/wp-json\/wp\/v2\/tags?post=13271"}],"curies":[{"name":"wp","href":"https:\/\/api.w.org\/{rel}","templated":true}]}}