{"id":13280,"date":"2021-06-30T23:40:33","date_gmt":"2021-06-30T20:40:33","guid":{"rendered":"http:\/\/www.artnivo.com\/uncategorized\/studio-ossidiananin-5-istanbul-tasarim-bienali-kapsamindaki-buyukada-sarki-hatlari-yerlestirmesi\/"},"modified":"2021-07-22T00:28:02","modified_gmt":"2021-07-21T21:28:02","slug":"studio-ossidiananin-5-istanbul-tasarim-bienali-kapsamindaki-buyukada-sarki-hatlari-yerlestirmesi","status":"publish","type":"post","link":"https:\/\/www.artnivo.com\/en\/editorial\/art-news\/studio-ossidiananin-5-istanbul-tasarim-bienali-kapsamindaki-buyukada-sarki-hatlari-yerlestirmesi\/","title":{"rendered":"studio ossidiana&#8217;n\u0131n 5. istanbul tasar\u0131m bienali kapsam\u0131ndaki &#8216;b\u00fcy\u00fckada \u015fark\u0131 hatlar\u0131&#8217; yerle\u015ftirmesi"},"content":{"rendered":"<p>B\u00fcy\u00fckada \u015eark\u0131 Hatlar\u0131, bitkilere, topra\u011fa, b\u00f6ceklere ve ku\u015flara ev sahipli\u011fi yapan ve Prens Adalar\u0131\u2019n\u0131n b\u00fcy\u00fckel\u00e7isi gibi, Marmara Denizi\u2019nde seyreden bir y\u00fczer bah\u00e7e. Hem bir tasar\u0131m projesi hem de bir yolculuk olan bu bah\u00e7e, seferi s\u0131ras\u0131nda, insanlara ve hayvanlara, etkinliklere ve sohbetlere ev sahipli\u011fi yaparak, tak\u0131madalara \u00f6zg\u00fc ya\u015fam\u0131n ve \u00f6yk\u00fclerin yerle\u015fti\u011fi bir g\u00f6\u00e7ebe pavyona d\u00f6n\u00fc\u015fecek.<\/p>\n<p>Tak\u0131madalar\u0131n ekolojisinin ve \u00e7ok k\u00fclt\u00fcrl\u00fc dilinin temsilcisi bir Akdeniz bah\u00e7esi olarak tasarlanan bu yap\u0131da \u00fc\u00e7 kurulum yer al\u0131yor: adalar\u0131n topraklar\u0131n\u0131 temsil eden d\u00fcnyevi bir platform; B\u00fcy\u00fckada&#8217;da toplanm\u0131\u015f deniz kabuklar\u0131 ve kayalardan yap\u0131lm\u0131\u015f denizel &#8211; terrazzo bir masa; g\u00f6\u00e7men ku\u015flar\u0131n ve mart\u0131lar\u0131n dinlenmesi i\u00e7in, t\u00fcnekler ve ku\u015f yemliklerinden olu\u015fan bir \u0131zgara. Yolculu\u011fun sonunda, heykel \u00f6\u011felerinden olu\u015fan triptik, bah\u00e7edeki bitkilerle birlikte Adalar\u2019a ba\u011f\u0131\u015flanacak ve B\u00fcy\u00fckada&#8217;ya kal\u0131c\u0131 olarak yerle\u015ftirilecek.<\/p>\n<p>Avrupa ve Asya boyunca deniz k\u0131y\u0131s\u0131ndaki kentleri ve rit\u00fcellerini birbirine ba\u011flayan su pavyonu gelene\u011finin bir par\u00e7as\u0131 olan B\u00fcy\u00fckada \u015eark\u0131 Hatlar\u0131 ba\u015fka t\u00fcrlerle karma\u015f\u0131k ili\u015fkilerimizin bir ara\u015ft\u0131rmas\u0131 niteli\u011finde: Bah\u00e7e, yolculu\u011fu boyunca, \u00e7e\u015fitli \u00f6yk\u00fclerin ve t\u00fcrlerin, mek\u00e2nlar\u0131n ve insanlar\u0131n, tar\u0131m bi\u00e7imlerinin ya\u015fayan bir g\u00fcnl\u00fc\u011f\u00fc olacak ve Adalar\u2019\u0131n ve ekolojilerinin canl\u0131 b\u00fcy\u00fckel\u00e7isi i\u015flevini g\u00f6recek.<\/p>\n<p>Studio Ossidiana taraf\u0131ndan tasarlanan ve adalar\u0131n benzersiz topra\u011f\u0131 ve mineralleri \u00fczerine y\u00fcr\u00fct\u00fclen ara\u015ft\u0131rmalara ev sahipli\u011fi eden y\u00fczer bah\u00e7e, Gen\u00e7 K\u00fcrat\u00f6rler Grubu, D\u00fcnya Miras\u0131 Adalar, \u0130stanbul A\u00e7\u0131k Radyo ve Deniz Ya\u015fam\u0131n\u0131 Koruma Derne\u011fi\u2019nin ortak program\u0131yla canlan\u0131yor. B\u00fcy\u00fckada \u015eark\u0131 Hatlar\u0131 Studio Ossidiana (Alessandra Covini, Giovanni Bellotti with Sze Wing Chan, Marie Saladin, Lyubov Viller, Mariagiulia Pistonese, Daniel Marshall), Sera Tolgay, Derya Tolgay, \u015eirin \u0130skit, Daniel Marshall, Merve Y\u00fccel, Kerim Bayer ve Ahmet Topba\u015f\u2019la birlikte ger\u00e7ekle\u015ftirdi.<\/p>\n","protected":false},"excerpt":{"rendered":"<p>B\u00fcy\u00fckada \u015eark\u0131 Hatlar\u0131, bitkilere, topra\u011fa, b\u00f6ceklere ve ku\u015flara ev sahipli\u011fi yapan ve Prens Adalar\u0131\u2019n\u0131n b\u00fcy\u00fckel\u00e7isi gibi, Marmara Denizi\u2019nde seyreden bir y\u00fczer bah\u00e7e. Hem bir tasar\u0131m&#8230;<\/p>\n","protected":false},"author":2,"featured_media":13235,"comment_status":"closed","ping_status":"closed","sticky":false,"template":"","format":"standard","meta":{"footnotes":""},"categories":[689],"tags":[705],"class_list":["post-13280","post","type-post","status-publish","format-standard","has-post-thumbnail","hentry","category-art-news","tag-anasayfa-en"],"acf":[],"yoast_head":"<!-- This site is optimized with the Yoast SEO plugin v23.4 - https:\/\/yoast.com\/wordpress\/plugins\/seo\/ -->\n<title>studio ossidiana&#039;n\u0131n 5. istanbul tasar\u0131m bienali kapsam\u0131ndaki &#039;b\u00fcy\u00fckada \u015fark\u0131 hatlar\u0131&#039; yerle\u015ftirmesi | artnivo<\/title>\n<meta name=\"description\" content=\"artnivo.com edit\u00f6ryel se\u00e7kisinde studio ossidiana&#039;n\u0131n 5. istanbul tasar\u0131m bienali kapsam\u0131ndaki &#039;b\u00fcy\u00fckada \u015fark\u0131 hatlar\u0131&#039; yerle\u015ftirmesi ba\u015fl\u0131kl\u0131 yaz\u0131y\u0131 okumak i\u00e7in t\u0131klay\u0131n.\" \/>\n<meta name=\"robots\" content=\"index, follow, max-snippet:-1, max-image-preview:large, max-video-preview:-1\" \/>\n<link rel=\"canonical\" href=\"https:\/\/www.artnivo.com\/en\/editorial\/art-news\/studio-ossidiananin-5-istanbul-tasarim-bienali-kapsamindaki-buyukada-sarki-hatlari-yerlestirmesi\/\" \/>\n<meta property=\"og:locale\" content=\"en_US\" \/>\n<meta property=\"og:type\" content=\"article\" \/>\n<meta property=\"og:title\" content=\"studio ossidiana&#039;n\u0131n 5. istanbul tasar\u0131m bienali kapsam\u0131ndaki &#039;b\u00fcy\u00fckada \u015fark\u0131 hatlar\u0131&#039; yerle\u015ftirmesi | artnivo\" \/>\n<meta property=\"og:description\" content=\"artnivo.com edit\u00f6ryel se\u00e7kisinde studio ossidiana&#039;n\u0131n 5. istanbul tasar\u0131m bienali kapsam\u0131ndaki &#039;b\u00fcy\u00fckada \u015fark\u0131 hatlar\u0131&#039; yerle\u015ftirmesi ba\u015fl\u0131kl\u0131 yaz\u0131y\u0131 okumak i\u00e7in t\u0131klay\u0131n.\" \/>\n<meta property=\"og:url\" content=\"https:\/\/www.artnivo.com\/en\/editorial\/art-news\/studio-ossidiananin-5-istanbul-tasarim-bienali-kapsamindaki-buyukada-sarki-hatlari-yerlestirmesi\/\" \/>\n<meta property=\"og:site_name\" content=\"artnivo\" \/>\n<meta property=\"article:publisher\" content=\"https:\/\/www.facebook.com\/artnivocom\" \/>\n<meta property=\"article:published_time\" content=\"2021-06-30T20:40:33+00:00\" \/>\n<meta property=\"article:modified_time\" content=\"2021-07-21T21:28:02+00:00\" \/>\n<meta property=\"og:image\" content=\"https:\/\/www.artnivo.com\/wp-content\/uploads\/2021\/06\/hbr-yu\u0308zenbahc\u0327e.jpg\" \/>\n\t<meta property=\"og:image:width\" content=\"1400\" \/>\n\t<meta property=\"og:image:height\" content=\"1037\" \/>\n\t<meta property=\"og:image:type\" content=\"image\/jpeg\" \/>\n<meta name=\"author\" content=\"\u00d6zge \u0130nal\" \/>\n<meta name=\"twitter:card\" content=\"summary_large_image\" \/>\n<meta name=\"twitter:creator\" content=\"@artnivocom\" \/>\n<meta name=\"twitter:site\" content=\"@artnivocom\" \/>\n<meta name=\"twitter:label1\" content=\"Written by\" \/>\n\t<meta name=\"twitter:data1\" content=\"\u00d6zge \u0130nal\" \/>\n\t<meta name=\"twitter:label2\" content=\"Est. reading time\" \/>\n\t<meta name=\"twitter:data2\" content=\"2 minutes\" \/>\n<script type=\"application\/ld+json\" class=\"yoast-schema-graph\">{\"@context\":\"https:\/\/schema.org\",\"@graph\":[{\"@type\":\"Article\",\"@id\":\"https:\/\/www.artnivo.com\/en\/editorial\/art-news\/studio-ossidiananin-5-istanbul-tasarim-bienali-kapsamindaki-buyukada-sarki-hatlari-yerlestirmesi\/#article\",\"isPartOf\":{\"@id\":\"https:\/\/www.artnivo.com\/en\/editorial\/art-news\/studio-ossidiananin-5-istanbul-tasarim-bienali-kapsamindaki-buyukada-sarki-hatlari-yerlestirmesi\/\"},\"author\":{\"name\":\"\u00d6zge \u0130nal\",\"@id\":\"https:\/\/www.artnivo.com\/#\/schema\/person\/6e28f06515dff63e7a5a690425732624\"},\"headline\":\"studio ossidiana&#8217;n\u0131n 5. istanbul tasar\u0131m bienali kapsam\u0131ndaki &#8216;b\u00fcy\u00fckada \u015fark\u0131 hatlar\u0131&#8217; yerle\u015ftirmesi\",\"datePublished\":\"2021-06-30T20:40:33+00:00\",\"dateModified\":\"2021-07-21T21:28:02+00:00\",\"mainEntityOfPage\":{\"@id\":\"https:\/\/www.artnivo.com\/en\/editorial\/art-news\/studio-ossidiananin-5-istanbul-tasarim-bienali-kapsamindaki-buyukada-sarki-hatlari-yerlestirmesi\/\"},\"wordCount\":380,\"publisher\":{\"@id\":\"https:\/\/www.artnivo.com\/#organization\"},\"image\":{\"@id\":\"https:\/\/www.artnivo.com\/en\/editorial\/art-news\/studio-ossidiananin-5-istanbul-tasarim-bienali-kapsamindaki-buyukada-sarki-hatlari-yerlestirmesi\/#primaryimage\"},\"thumbnailUrl\":\"https:\/\/www.artnivo.com\/wp-content\/uploads\/2021\/06\/hbr-yu\u0308zenbahc\u0327e.jpg\",\"keywords\":[\"anasayfa\"],\"articleSection\":[\"Art News\"],\"inLanguage\":\"en-US\"},{\"@type\":\"WebPage\",\"@id\":\"https:\/\/www.artnivo.com\/en\/editorial\/art-news\/studio-ossidiananin-5-istanbul-tasarim-bienali-kapsamindaki-buyukada-sarki-hatlari-yerlestirmesi\/\",\"url\":\"https:\/\/www.artnivo.com\/en\/editorial\/art-news\/studio-ossidiananin-5-istanbul-tasarim-bienali-kapsamindaki-buyukada-sarki-hatlari-yerlestirmesi\/\",\"name\":\"studio ossidiana'n\u0131n 5. istanbul tasar\u0131m bienali kapsam\u0131ndaki 'b\u00fcy\u00fckada \u015fark\u0131 hatlar\u0131' yerle\u015ftirmesi | artnivo\",\"isPartOf\":{\"@id\":\"https:\/\/www.artnivo.com\/#website\"},\"primaryImageOfPage\":{\"@id\":\"https:\/\/www.artnivo.com\/en\/editorial\/art-news\/studio-ossidiananin-5-istanbul-tasarim-bienali-kapsamindaki-buyukada-sarki-hatlari-yerlestirmesi\/#primaryimage\"},\"image\":{\"@id\":\"https:\/\/www.artnivo.com\/en\/editorial\/art-news\/studio-ossidiananin-5-istanbul-tasarim-bienali-kapsamindaki-buyukada-sarki-hatlari-yerlestirmesi\/#primaryimage\"},\"thumbnailUrl\":\"https:\/\/www.artnivo.com\/wp-content\/uploads\/2021\/06\/hbr-yu\u0308zenbahc\u0327e.jpg\",\"datePublished\":\"2021-06-30T20:40:33+00:00\",\"dateModified\":\"2021-07-21T21:28:02+00:00\",\"description\":\"artnivo.com edit\u00f6ryel se\u00e7kisinde studio ossidiana'n\u0131n 5. istanbul tasar\u0131m bienali kapsam\u0131ndaki 'b\u00fcy\u00fckada \u015fark\u0131 hatlar\u0131' yerle\u015ftirmesi ba\u015fl\u0131kl\u0131 yaz\u0131y\u0131 okumak i\u00e7in t\u0131klay\u0131n.\",\"breadcrumb\":{\"@id\":\"https:\/\/www.artnivo.com\/en\/editorial\/art-news\/studio-ossidiananin-5-istanbul-tasarim-bienali-kapsamindaki-buyukada-sarki-hatlari-yerlestirmesi\/#breadcrumb\"},\"inLanguage\":\"en-US\",\"potentialAction\":[{\"@type\":\"ReadAction\",\"target\":[\"https:\/\/www.artnivo.com\/en\/editorial\/art-news\/studio-ossidiananin-5-istanbul-tasarim-bienali-kapsamindaki-buyukada-sarki-hatlari-yerlestirmesi\/\"]}]},{\"@type\":\"ImageObject\",\"inLanguage\":\"en-US\",\"@id\":\"https:\/\/www.artnivo.com\/en\/editorial\/art-news\/studio-ossidiananin-5-istanbul-tasarim-bienali-kapsamindaki-buyukada-sarki-hatlari-yerlestirmesi\/#primaryimage\",\"url\":\"https:\/\/www.artnivo.com\/wp-content\/uploads\/2021\/06\/hbr-yu\u0308zenbahc\u0327e.jpg\",\"contentUrl\":\"https:\/\/www.artnivo.com\/wp-content\/uploads\/2021\/06\/hbr-yu\u0308zenbahc\u0327e.jpg\",\"width\":1400,\"height\":1037},{\"@type\":\"BreadcrumbList\",\"@id\":\"https:\/\/www.artnivo.com\/en\/editorial\/art-news\/studio-ossidiananin-5-istanbul-tasarim-bienali-kapsamindaki-buyukada-sarki-hatlari-yerlestirmesi\/#breadcrumb\",\"itemListElement\":[{\"@type\":\"ListItem\",\"position\":1,\"name\":\"Anasayfa\",\"item\":\"https:\/\/www.artnivo.com\/en\/\"},{\"@type\":\"ListItem\",\"position\":2,\"name\":\"studio ossidiana&#8217;n\u0131n 5. istanbul tasar\u0131m bienali kapsam\u0131ndaki &#8216;b\u00fcy\u00fckada \u015fark\u0131 hatlar\u0131&#8217; yerle\u015ftirmesi\"}]},{\"@type\":\"WebSite\",\"@id\":\"https:\/\/www.artnivo.com\/#website\",\"url\":\"https:\/\/www.artnivo.com\/\",\"name\":\"artnivo\",\"description\":\"\",\"publisher\":{\"@id\":\"https:\/\/www.artnivo.com\/#organization\"},\"potentialAction\":[{\"@type\":\"SearchAction\",\"target\":{\"@type\":\"EntryPoint\",\"urlTemplate\":\"https:\/\/www.artnivo.com\/?s={search_term_string}\"},\"query-input\":{\"@type\":\"PropertyValueSpecification\",\"valueRequired\":true,\"valueName\":\"search_term_string\"}}],\"inLanguage\":\"en-US\"},{\"@type\":\"Organization\",\"@id\":\"https:\/\/www.artnivo.com\/#organization\",\"name\":\"artnivo\",\"url\":\"https:\/\/www.artnivo.com\/\",\"logo\":{\"@type\":\"ImageObject\",\"inLanguage\":\"en-US\",\"@id\":\"https:\/\/www.artnivo.com\/#\/schema\/logo\/image\/\",\"url\":\"http:\/\/www.artnivo.com\/wp-content\/uploads\/2021\/05\/artnivokare.jpg\",\"contentUrl\":\"http:\/\/www.artnivo.com\/wp-content\/uploads\/2021\/05\/artnivokare.jpg\",\"width\":750,\"height\":750,\"caption\":\"artnivo\"},\"image\":{\"@id\":\"https:\/\/www.artnivo.com\/#\/schema\/logo\/image\/\"},\"sameAs\":[\"https:\/\/www.facebook.com\/artnivocom\",\"https:\/\/x.com\/artnivocom\",\"http:\/\/instagram.com\/artnivocom\/\",\"https:\/\/www.pinterest.com\/artnivocom\/\",\"https:\/\/www.youtube.com\/channel\/UC__bxk2hs4IZ4NiD1Bg4J9w\"]},{\"@type\":\"Person\",\"@id\":\"https:\/\/www.artnivo.com\/#\/schema\/person\/6e28f06515dff63e7a5a690425732624\",\"name\":\"\u00d6zge \u0130nal\",\"image\":{\"@type\":\"ImageObject\",\"inLanguage\":\"en-US\",\"@id\":\"https:\/\/www.artnivo.com\/#\/schema\/person\/image\/\",\"url\":\"https:\/\/secure.gravatar.com\/avatar\/bd17da66c1f10cea1ce12f28ab22e1ad367c1452167fd4b1be1411e9e6d68fa2?s=96&d=mm&r=g\",\"contentUrl\":\"https:\/\/secure.gravatar.com\/avatar\/bd17da66c1f10cea1ce12f28ab22e1ad367c1452167fd4b1be1411e9e6d68fa2?s=96&d=mm&r=g\",\"caption\":\"\u00d6zge \u0130nal\"}}]}<\/script>\n<!-- \/ Yoast SEO plugin. -->","yoast_head_json":{"title":"studio ossidiana'n\u0131n 5. istanbul tasar\u0131m bienali kapsam\u0131ndaki 'b\u00fcy\u00fckada \u015fark\u0131 hatlar\u0131' yerle\u015ftirmesi | artnivo","description":"artnivo.com edit\u00f6ryel se\u00e7kisinde studio ossidiana'n\u0131n 5. istanbul tasar\u0131m bienali kapsam\u0131ndaki 'b\u00fcy\u00fckada \u015fark\u0131 hatlar\u0131' yerle\u015ftirmesi ba\u015fl\u0131kl\u0131 yaz\u0131y\u0131 okumak i\u00e7in t\u0131klay\u0131n.","robots":{"index":"index","follow":"follow","max-snippet":"max-snippet:-1","max-image-preview":"max-image-preview:large","max-video-preview":"max-video-preview:-1"},"canonical":"https:\/\/www.artnivo.com\/en\/editorial\/art-news\/studio-ossidiananin-5-istanbul-tasarim-bienali-kapsamindaki-buyukada-sarki-hatlari-yerlestirmesi\/","og_locale":"en_US","og_type":"article","og_title":"studio ossidiana'n\u0131n 5. istanbul tasar\u0131m bienali kapsam\u0131ndaki 'b\u00fcy\u00fckada \u015fark\u0131 hatlar\u0131' yerle\u015ftirmesi | artnivo","og_description":"artnivo.com edit\u00f6ryel se\u00e7kisinde studio ossidiana'n\u0131n 5. istanbul tasar\u0131m bienali kapsam\u0131ndaki 'b\u00fcy\u00fckada \u015fark\u0131 hatlar\u0131' yerle\u015ftirmesi ba\u015fl\u0131kl\u0131 yaz\u0131y\u0131 okumak i\u00e7in t\u0131klay\u0131n.","og_url":"https:\/\/www.artnivo.com\/en\/editorial\/art-news\/studio-ossidiananin-5-istanbul-tasarim-bienali-kapsamindaki-buyukada-sarki-hatlari-yerlestirmesi\/","og_site_name":"artnivo","article_publisher":"https:\/\/www.facebook.com\/artnivocom","article_published_time":"2021-06-30T20:40:33+00:00","article_modified_time":"2021-07-21T21:28:02+00:00","og_image":[{"width":1400,"height":1037,"url":"https:\/\/www.artnivo.com\/wp-content\/uploads\/2021\/06\/hbr-yu\u0308zenbahc\u0327e.jpg","type":"image\/jpeg"}],"author":"\u00d6zge \u0130nal","twitter_card":"summary_large_image","twitter_creator":"@artnivocom","twitter_site":"@artnivocom","twitter_misc":{"Written by":"\u00d6zge \u0130nal","Est. reading time":"2 minutes"},"schema":{"@context":"https:\/\/schema.org","@graph":[{"@type":"Article","@id":"https:\/\/www.artnivo.com\/en\/editorial\/art-news\/studio-ossidiananin-5-istanbul-tasarim-bienali-kapsamindaki-buyukada-sarki-hatlari-yerlestirmesi\/#article","isPartOf":{"@id":"https:\/\/www.artnivo.com\/en\/editorial\/art-news\/studio-ossidiananin-5-istanbul-tasarim-bienali-kapsamindaki-buyukada-sarki-hatlari-yerlestirmesi\/"},"author":{"name":"\u00d6zge \u0130nal","@id":"https:\/\/www.artnivo.com\/#\/schema\/person\/6e28f06515dff63e7a5a690425732624"},"headline":"studio ossidiana&#8217;n\u0131n 5. istanbul tasar\u0131m bienali kapsam\u0131ndaki &#8216;b\u00fcy\u00fckada \u015fark\u0131 hatlar\u0131&#8217; yerle\u015ftirmesi","datePublished":"2021-06-30T20:40:33+00:00","dateModified":"2021-07-21T21:28:02+00:00","mainEntityOfPage":{"@id":"https:\/\/www.artnivo.com\/en\/editorial\/art-news\/studio-ossidiananin-5-istanbul-tasarim-bienali-kapsamindaki-buyukada-sarki-hatlari-yerlestirmesi\/"},"wordCount":380,"publisher":{"@id":"https:\/\/www.artnivo.com\/#organization"},"image":{"@id":"https:\/\/www.artnivo.com\/en\/editorial\/art-news\/studio-ossidiananin-5-istanbul-tasarim-bienali-kapsamindaki-buyukada-sarki-hatlari-yerlestirmesi\/#primaryimage"},"thumbnailUrl":"https:\/\/www.artnivo.com\/wp-content\/uploads\/2021\/06\/hbr-yu\u0308zenbahc\u0327e.jpg","keywords":["anasayfa"],"articleSection":["Art News"],"inLanguage":"en-US"},{"@type":"WebPage","@id":"https:\/\/www.artnivo.com\/en\/editorial\/art-news\/studio-ossidiananin-5-istanbul-tasarim-bienali-kapsamindaki-buyukada-sarki-hatlari-yerlestirmesi\/","url":"https:\/\/www.artnivo.com\/en\/editorial\/art-news\/studio-ossidiananin-5-istanbul-tasarim-bienali-kapsamindaki-buyukada-sarki-hatlari-yerlestirmesi\/","name":"studio ossidiana'n\u0131n 5. istanbul tasar\u0131m bienali kapsam\u0131ndaki 'b\u00fcy\u00fckada \u015fark\u0131 hatlar\u0131' yerle\u015ftirmesi | artnivo","isPartOf":{"@id":"https:\/\/www.artnivo.com\/#website"},"primaryImageOfPage":{"@id":"https:\/\/www.artnivo.com\/en\/editorial\/art-news\/studio-ossidiananin-5-istanbul-tasarim-bienali-kapsamindaki-buyukada-sarki-hatlari-yerlestirmesi\/#primaryimage"},"image":{"@id":"https:\/\/www.artnivo.com\/en\/editorial\/art-news\/studio-ossidiananin-5-istanbul-tasarim-bienali-kapsamindaki-buyukada-sarki-hatlari-yerlestirmesi\/#primaryimage"},"thumbnailUrl":"https:\/\/www.artnivo.com\/wp-content\/uploads\/2021\/06\/hbr-yu\u0308zenbahc\u0327e.jpg","datePublished":"2021-06-30T20:40:33+00:00","dateModified":"2021-07-21T21:28:02+00:00","description":"artnivo.com edit\u00f6ryel se\u00e7kisinde studio ossidiana'n\u0131n 5. istanbul tasar\u0131m bienali kapsam\u0131ndaki 'b\u00fcy\u00fckada \u015fark\u0131 hatlar\u0131' yerle\u015ftirmesi ba\u015fl\u0131kl\u0131 yaz\u0131y\u0131 okumak i\u00e7in t\u0131klay\u0131n.","breadcrumb":{"@id":"https:\/\/www.artnivo.com\/en\/editorial\/art-news\/studio-ossidiananin-5-istanbul-tasarim-bienali-kapsamindaki-buyukada-sarki-hatlari-yerlestirmesi\/#breadcrumb"},"inLanguage":"en-US","potentialAction":[{"@type":"ReadAction","target":["https:\/\/www.artnivo.com\/en\/editorial\/art-news\/studio-ossidiananin-5-istanbul-tasarim-bienali-kapsamindaki-buyukada-sarki-hatlari-yerlestirmesi\/"]}]},{"@type":"ImageObject","inLanguage":"en-US","@id":"https:\/\/www.artnivo.com\/en\/editorial\/art-news\/studio-ossidiananin-5-istanbul-tasarim-bienali-kapsamindaki-buyukada-sarki-hatlari-yerlestirmesi\/#primaryimage","url":"https:\/\/www.artnivo.com\/wp-content\/uploads\/2021\/06\/hbr-yu\u0308zenbahc\u0327e.jpg","contentUrl":"https:\/\/www.artnivo.com\/wp-content\/uploads\/2021\/06\/hbr-yu\u0308zenbahc\u0327e.jpg","width":1400,"height":1037},{"@type":"BreadcrumbList","@id":"https:\/\/www.artnivo.com\/en\/editorial\/art-news\/studio-ossidiananin-5-istanbul-tasarim-bienali-kapsamindaki-buyukada-sarki-hatlari-yerlestirmesi\/#breadcrumb","itemListElement":[{"@type":"ListItem","position":1,"name":"Anasayfa","item":"https:\/\/www.artnivo.com\/en\/"},{"@type":"ListItem","position":2,"name":"studio ossidiana&#8217;n\u0131n 5. istanbul tasar\u0131m bienali kapsam\u0131ndaki &#8216;b\u00fcy\u00fckada \u015fark\u0131 hatlar\u0131&#8217; yerle\u015ftirmesi"}]},{"@type":"WebSite","@id":"https:\/\/www.artnivo.com\/#website","url":"https:\/\/www.artnivo.com\/","name":"artnivo","description":"","publisher":{"@id":"https:\/\/www.artnivo.com\/#organization"},"potentialAction":[{"@type":"SearchAction","target":{"@type":"EntryPoint","urlTemplate":"https:\/\/www.artnivo.com\/?s={search_term_string}"},"query-input":{"@type":"PropertyValueSpecification","valueRequired":true,"valueName":"search_term_string"}}],"inLanguage":"en-US"},{"@type":"Organization","@id":"https:\/\/www.artnivo.com\/#organization","name":"artnivo","url":"https:\/\/www.artnivo.com\/","logo":{"@type":"ImageObject","inLanguage":"en-US","@id":"https:\/\/www.artnivo.com\/#\/schema\/logo\/image\/","url":"http:\/\/www.artnivo.com\/wp-content\/uploads\/2021\/05\/artnivokare.jpg","contentUrl":"http:\/\/www.artnivo.com\/wp-content\/uploads\/2021\/05\/artnivokare.jpg","width":750,"height":750,"caption":"artnivo"},"image":{"@id":"https:\/\/www.artnivo.com\/#\/schema\/logo\/image\/"},"sameAs":["https:\/\/www.facebook.com\/artnivocom","https:\/\/x.com\/artnivocom","http:\/\/instagram.com\/artnivocom\/","https:\/\/www.pinterest.com\/artnivocom\/","https:\/\/www.youtube.com\/channel\/UC__bxk2hs4IZ4NiD1Bg4J9w"]},{"@type":"Person","@id":"https:\/\/www.artnivo.com\/#\/schema\/person\/6e28f06515dff63e7a5a690425732624","name":"\u00d6zge \u0130nal","image":{"@type":"ImageObject","inLanguage":"en-US","@id":"https:\/\/www.artnivo.com\/#\/schema\/person\/image\/","url":"https:\/\/secure.gravatar.com\/avatar\/bd17da66c1f10cea1ce12f28ab22e1ad367c1452167fd4b1be1411e9e6d68fa2?s=96&d=mm&r=g","contentUrl":"https:\/\/secure.gravatar.com\/avatar\/bd17da66c1f10cea1ce12f28ab22e1ad367c1452167fd4b1be1411e9e6d68fa2?s=96&d=mm&r=g","caption":"\u00d6zge \u0130nal"}}]}},"_links":{"self":[{"href":"https:\/\/www.artnivo.com\/en\/wp-json\/wp\/v2\/posts\/13280","targetHints":{"allow":["GET"]}}],"collection":[{"href":"https:\/\/www.artnivo.com\/en\/wp-json\/wp\/v2\/posts"}],"about":[{"href":"https:\/\/www.artnivo.com\/en\/wp-json\/wp\/v2\/types\/post"}],"author":[{"embeddable":true,"href":"https:\/\/www.artnivo.com\/en\/wp-json\/wp\/v2\/users\/2"}],"replies":[{"embeddable":true,"href":"https:\/\/www.artnivo.com\/en\/wp-json\/wp\/v2\/comments?post=13280"}],"version-history":[{"count":1,"href":"https:\/\/www.artnivo.com\/en\/wp-json\/wp\/v2\/posts\/13280\/revisions"}],"predecessor-version":[{"id":13843,"href":"https:\/\/www.artnivo.com\/en\/wp-json\/wp\/v2\/posts\/13280\/revisions\/13843"}],"wp:featuredmedia":[{"embeddable":true,"href":"https:\/\/www.artnivo.com\/en\/wp-json\/wp\/v2\/media\/13235"}],"wp:attachment":[{"href":"https:\/\/www.artnivo.com\/en\/wp-json\/wp\/v2\/media?parent=13280"}],"wp:term":[{"taxonomy":"category","embeddable":true,"href":"https:\/\/www.artnivo.com\/en\/wp-json\/wp\/v2\/categories?post=13280"},{"taxonomy":"post_tag","embeddable":true,"href":"https:\/\/www.artnivo.com\/en\/wp-json\/wp\/v2\/tags?post=13280"}],"curies":[{"name":"wp","href":"https:\/\/api.w.org\/{rel}","templated":true}]}}