{"id":13286,"date":"2021-04-02T23:55:08","date_gmt":"2021-04-02T20:55:08","guid":{"rendered":"http:\/\/www.artnivo.com\/uncategorized\/asli-narin-l-bir-baskasi-icin-ben-l-krank-art-gallery\/"},"modified":"2021-07-22T00:28:04","modified_gmt":"2021-07-21T21:28:04","slug":"asli-narin-l-bir-baskasi-icin-ben-l-krank-art-gallery","status":"publish","type":"post","link":"https:\/\/www.artnivo.com\/en\/editorial\/art-news\/asli-narin-l-bir-baskasi-icin-ben-l-krank-art-gallery\/","title":{"rendered":"asl\u0131 narin l bir ba\u015fkas\u0131 i\u00e7in ben l krank art gallery"},"content":{"rendered":"<p>KRANK Art Gallery 2 Nisan- 16 May\u0131s tarihleri aras\u0131nda Asl\u0131 Narin\u2019in \u201cBir Ba\u015fkas\u0131 \u0130\u00e7in Ben\u201d sergisine ev sahipli\u011fi yap\u0131yor. Asl\u0131 Narin yeni sergisinde insan\u0131n do\u011fa ile aras\u0131ndaki tan\u0131d\u0131kl\u0131klar\u0131n\u0131n resimsel bir kayd\u0131n\u0131 al\u0131yor.<\/p>\n<p>Do\u011fayla ili\u015fki kurman\u0131n yolar\u0131n\u0131 ara\u015ft\u0131ran ve bireyin i\u00e7 d\u00fcnyas\u0131ndaki farkl\u0131 iklimlerin izini s\u00fcrme temalar\u0131n\u0131 s\u0131k\u00e7a i\u015fleyen Asl\u0131 Narin, son d\u00f6nem ara\u015ft\u0131rmalar\u0131n\u0131 ilk a\u015famalar\u0131n\u0131 kozmik fark\u0131ndal\u0131k, biraradal\u0131k, ba\u011flanma ve k\u00f6klenme konular\u0131 \u00e7evresinde yapt\u0131\u011f\u0131 okumalar \u00fczerinden sunuyor.<\/p>\n<p>Asl\u0131 Narin, Bir Ba\u015fkas\u0131 i\u00e7in Ben adl\u0131 sergisinde, eserlerini, ad\u0131n\u0131 bask\u0131 \u00fcretiminde kullan\u0131lan cyan mavisi sol\u00fcsyondan alan, alternatif bask\u0131 tekni\u011fi Cyanotype ile \u00fcretiyor. Ultraviyole \u0131\u015f\u0131kta pozlanma sonucunda olu\u015fan rastlant\u0131sal imgeler, sanat\u00e7\u0131n\u0131n orman y\u00fcr\u00fcy\u00fc\u015flerinde kar\u015f\u0131la\u015ft\u0131\u011f\u0131 birbirine sar\u0131lm\u0131\u015f a\u011fa\u00e7 k\u00f6kleri ve dallar\u0131n g\u00f6r\u00fcnt\u00fclerini tekrarl\u0131yor. Narin, iki ayr\u0131 bask\u0131 serisine (Sinyaller ve De\u011fi\u015f Toku\u015flar ve A\u015fa\u011f\u0131da ve \u00d6tede) e\u015flik eden Bir Arada Varolman\u0131n K\u0131r\u0131lganl\u0131\u011f\u0131 ba\u015fl\u0131kl\u0131 video i\u015fiyle, insan\u0131n do\u011fa ile aras\u0131ndaki tan\u0131d\u0131kl\u0131klar\u0131n resimsel bir kayd\u0131n\u0131 al\u0131yor.<\/p>\n<p>&nbsp;<\/p>\n<p><strong>Sanat\u00e7\u0131 Hakk\u0131nda:<\/strong><\/p>\n<p>Asl\u0131 Narin (1985, \u0130stanbul) 2008 y\u0131l\u0131nda Sabanc\u0131 \u00dcniversitesi G\u00f6rsel Sanatlar ve G\u00f6rsel \u0130leti\u015fim Tasar\u0131m B\u00f6l\u00fcm\u00fc\u2019nden mezun oldu. Y\u00fcksek lisans\u0131n\u0131 ayn\u0131 alanda Goldsmiths, University of London\u2019da tamamlad\u0131. \u015eu ana kadar \u00fc\u00e7 ki\u015fisel sergisi Kasa Galeri(2014), \u00d6ktem&amp;Aykut Galeri (2015) ve Milli Reasurans Sanat Galerisi(2018)\u2019nde ger\u00e7ekle\u015fti. Sanat\u00e7\u0131n\u0131n ara\u015ft\u0131rma ve \u00fcretimi yolculuk, aray\u0131\u015f ve olu\u015f s\u00fcre\u00e7lerinden ilham al\u0131r. Foto\u011fraf ve video yoluyla i\u00e7sel bir ara\u015ft\u0131rma yaparak varolu\u015fsal sorular\u0131n pe\u015fine d\u00fc\u015ferken do\u011fa ve d\u00f6ng\u00fclerinden referanslar kullan\u0131r. 2018\u2019den beri Indianapolis\u2019te ya\u015fayan Narin, Indiana \u00dcniversitesi Herron School of Art and Design fak\u00fcltesinde foto\u011fraf ve g\u00f6rsel ileti\u015fim tasar\u0131m alan\u0131nda dersler vermektedir.<\/p>\n","protected":false},"excerpt":{"rendered":"<p>KRANK Art Gallery 2 Nisan- 16 May\u0131s tarihleri aras\u0131nda Asl\u0131 Narin\u2019in \u201cBir Ba\u015fkas\u0131 \u0130\u00e7in Ben\u201d sergisine ev sahipli\u011fi yap\u0131yor. Asl\u0131 Narin yeni sergisinde insan\u0131n do\u011fa&#8230;<\/p>\n","protected":false},"author":1,"featured_media":12509,"comment_status":"closed","ping_status":"closed","sticky":false,"template":"","format":"standard","meta":{"footnotes":""},"categories":[689],"tags":[],"class_list":["post-13286","post","type-post","status-publish","format-standard","has-post-thumbnail","hentry","category-art-news"],"acf":[],"yoast_head":"<!-- This site is optimized with the Yoast SEO plugin v23.4 - https:\/\/yoast.com\/wordpress\/plugins\/seo\/ -->\n<title>asl\u0131 narin l bir ba\u015fkas\u0131 i\u00e7in ben l krank art gallery | artnivo<\/title>\n<meta name=\"description\" content=\"artnivo.com edit\u00f6ryel se\u00e7kisinde asl\u0131 narin l bir ba\u015fkas\u0131 i\u00e7in ben l krank art gallery ba\u015fl\u0131kl\u0131 yaz\u0131y\u0131 okumak i\u00e7in t\u0131klay\u0131n.\" \/>\n<meta name=\"robots\" content=\"index, follow, max-snippet:-1, max-image-preview:large, max-video-preview:-1\" \/>\n<link rel=\"canonical\" href=\"https:\/\/www.artnivo.com\/en\/editorial\/art-news\/asli-narin-l-bir-baskasi-icin-ben-l-krank-art-gallery\/\" \/>\n<meta property=\"og:locale\" content=\"en_US\" \/>\n<meta property=\"og:type\" content=\"article\" \/>\n<meta property=\"og:title\" content=\"asl\u0131 narin l bir ba\u015fkas\u0131 i\u00e7in ben l krank art gallery | artnivo\" \/>\n<meta property=\"og:description\" content=\"artnivo.com edit\u00f6ryel se\u00e7kisinde asl\u0131 narin l bir ba\u015fkas\u0131 i\u00e7in ben l krank art gallery ba\u015fl\u0131kl\u0131 yaz\u0131y\u0131 okumak i\u00e7in t\u0131klay\u0131n.\" \/>\n<meta property=\"og:url\" content=\"https:\/\/www.artnivo.com\/en\/editorial\/art-news\/asli-narin-l-bir-baskasi-icin-ben-l-krank-art-gallery\/\" \/>\n<meta property=\"og:site_name\" content=\"artnivo\" \/>\n<meta property=\"article:publisher\" content=\"https:\/\/www.facebook.com\/artnivocom\" \/>\n<meta property=\"article:published_time\" content=\"2021-04-02T20:55:08+00:00\" \/>\n<meta property=\"article:modified_time\" content=\"2021-07-21T21:28:04+00:00\" \/>\n<meta property=\"og:image\" content=\"https:\/\/www.artnivo.com\/wp-content\/uploads\/2021\/04\/5301.jpg\" \/>\n\t<meta property=\"og:image:width\" content=\"1920\" \/>\n\t<meta property=\"og:image:height\" content=\"1080\" \/>\n\t<meta property=\"og:image:type\" content=\"image\/jpeg\" \/>\n<meta name=\"author\" content=\"adminnivo\" \/>\n<meta name=\"twitter:card\" content=\"summary_large_image\" \/>\n<meta name=\"twitter:creator\" content=\"@artnivocom\" \/>\n<meta name=\"twitter:site\" content=\"@artnivocom\" \/>\n<meta name=\"twitter:label1\" content=\"Written by\" \/>\n\t<meta name=\"twitter:data1\" content=\"adminnivo\" \/>\n\t<meta name=\"twitter:label2\" content=\"Est. reading time\" \/>\n\t<meta name=\"twitter:data2\" content=\"2 minutes\" \/>\n<script type=\"application\/ld+json\" class=\"yoast-schema-graph\">{\"@context\":\"https:\/\/schema.org\",\"@graph\":[{\"@type\":\"Article\",\"@id\":\"https:\/\/www.artnivo.com\/en\/editorial\/art-news\/asli-narin-l-bir-baskasi-icin-ben-l-krank-art-gallery\/#article\",\"isPartOf\":{\"@id\":\"https:\/\/www.artnivo.com\/en\/editorial\/art-news\/asli-narin-l-bir-baskasi-icin-ben-l-krank-art-gallery\/\"},\"author\":{\"name\":\"adminnivo\",\"@id\":\"https:\/\/www.artnivo.com\/#\/schema\/person\/389746eafa68ea49f6169c1cf53ed3fb\"},\"headline\":\"asl\u0131 narin l bir ba\u015fkas\u0131 i\u00e7in ben l krank art gallery\",\"datePublished\":\"2021-04-02T20:55:08+00:00\",\"dateModified\":\"2021-07-21T21:28:04+00:00\",\"mainEntityOfPage\":{\"@id\":\"https:\/\/www.artnivo.com\/en\/editorial\/art-news\/asli-narin-l-bir-baskasi-icin-ben-l-krank-art-gallery\/\"},\"wordCount\":372,\"publisher\":{\"@id\":\"https:\/\/www.artnivo.com\/#organization\"},\"image\":{\"@id\":\"https:\/\/www.artnivo.com\/en\/editorial\/art-news\/asli-narin-l-bir-baskasi-icin-ben-l-krank-art-gallery\/#primaryimage\"},\"thumbnailUrl\":\"https:\/\/www.artnivo.com\/wp-content\/uploads\/2021\/04\/5301.jpg\",\"articleSection\":[\"Art News\"],\"inLanguage\":\"en-US\"},{\"@type\":\"WebPage\",\"@id\":\"https:\/\/www.artnivo.com\/en\/editorial\/art-news\/asli-narin-l-bir-baskasi-icin-ben-l-krank-art-gallery\/\",\"url\":\"https:\/\/www.artnivo.com\/en\/editorial\/art-news\/asli-narin-l-bir-baskasi-icin-ben-l-krank-art-gallery\/\",\"name\":\"asl\u0131 narin l bir ba\u015fkas\u0131 i\u00e7in ben l krank art gallery | artnivo\",\"isPartOf\":{\"@id\":\"https:\/\/www.artnivo.com\/#website\"},\"primaryImageOfPage\":{\"@id\":\"https:\/\/www.artnivo.com\/en\/editorial\/art-news\/asli-narin-l-bir-baskasi-icin-ben-l-krank-art-gallery\/#primaryimage\"},\"image\":{\"@id\":\"https:\/\/www.artnivo.com\/en\/editorial\/art-news\/asli-narin-l-bir-baskasi-icin-ben-l-krank-art-gallery\/#primaryimage\"},\"thumbnailUrl\":\"https:\/\/www.artnivo.com\/wp-content\/uploads\/2021\/04\/5301.jpg\",\"datePublished\":\"2021-04-02T20:55:08+00:00\",\"dateModified\":\"2021-07-21T21:28:04+00:00\",\"description\":\"artnivo.com edit\u00f6ryel se\u00e7kisinde asl\u0131 narin l bir ba\u015fkas\u0131 i\u00e7in ben l krank art gallery ba\u015fl\u0131kl\u0131 yaz\u0131y\u0131 okumak i\u00e7in t\u0131klay\u0131n.\",\"breadcrumb\":{\"@id\":\"https:\/\/www.artnivo.com\/en\/editorial\/art-news\/asli-narin-l-bir-baskasi-icin-ben-l-krank-art-gallery\/#breadcrumb\"},\"inLanguage\":\"en-US\",\"potentialAction\":[{\"@type\":\"ReadAction\",\"target\":[\"https:\/\/www.artnivo.com\/en\/editorial\/art-news\/asli-narin-l-bir-baskasi-icin-ben-l-krank-art-gallery\/\"]}]},{\"@type\":\"ImageObject\",\"inLanguage\":\"en-US\",\"@id\":\"https:\/\/www.artnivo.com\/en\/editorial\/art-news\/asli-narin-l-bir-baskasi-icin-ben-l-krank-art-gallery\/#primaryimage\",\"url\":\"https:\/\/www.artnivo.com\/wp-content\/uploads\/2021\/04\/5301.jpg\",\"contentUrl\":\"https:\/\/www.artnivo.com\/wp-content\/uploads\/2021\/04\/5301.jpg\",\"width\":1920,\"height\":1080},{\"@type\":\"BreadcrumbList\",\"@id\":\"https:\/\/www.artnivo.com\/en\/editorial\/art-news\/asli-narin-l-bir-baskasi-icin-ben-l-krank-art-gallery\/#breadcrumb\",\"itemListElement\":[{\"@type\":\"ListItem\",\"position\":1,\"name\":\"Anasayfa\",\"item\":\"https:\/\/www.artnivo.com\/en\/\"},{\"@type\":\"ListItem\",\"position\":2,\"name\":\"asl\u0131 narin l bir ba\u015fkas\u0131 i\u00e7in ben l krank art gallery\"}]},{\"@type\":\"WebSite\",\"@id\":\"https:\/\/www.artnivo.com\/#website\",\"url\":\"https:\/\/www.artnivo.com\/\",\"name\":\"artnivo\",\"description\":\"\",\"publisher\":{\"@id\":\"https:\/\/www.artnivo.com\/#organization\"},\"potentialAction\":[{\"@type\":\"SearchAction\",\"target\":{\"@type\":\"EntryPoint\",\"urlTemplate\":\"https:\/\/www.artnivo.com\/?s={search_term_string}\"},\"query-input\":{\"@type\":\"PropertyValueSpecification\",\"valueRequired\":true,\"valueName\":\"search_term_string\"}}],\"inLanguage\":\"en-US\"},{\"@type\":\"Organization\",\"@id\":\"https:\/\/www.artnivo.com\/#organization\",\"name\":\"artnivo\",\"url\":\"https:\/\/www.artnivo.com\/\",\"logo\":{\"@type\":\"ImageObject\",\"inLanguage\":\"en-US\",\"@id\":\"https:\/\/www.artnivo.com\/#\/schema\/logo\/image\/\",\"url\":\"http:\/\/www.artnivo.com\/wp-content\/uploads\/2021\/05\/artnivokare.jpg\",\"contentUrl\":\"http:\/\/www.artnivo.com\/wp-content\/uploads\/2021\/05\/artnivokare.jpg\",\"width\":750,\"height\":750,\"caption\":\"artnivo\"},\"image\":{\"@id\":\"https:\/\/www.artnivo.com\/#\/schema\/logo\/image\/\"},\"sameAs\":[\"https:\/\/www.facebook.com\/artnivocom\",\"https:\/\/x.com\/artnivocom\",\"http:\/\/instagram.com\/artnivocom\/\",\"https:\/\/www.pinterest.com\/artnivocom\/\",\"https:\/\/www.youtube.com\/channel\/UC__bxk2hs4IZ4NiD1Bg4J9w\"]},{\"@type\":\"Person\",\"@id\":\"https:\/\/www.artnivo.com\/#\/schema\/person\/389746eafa68ea49f6169c1cf53ed3fb\",\"name\":\"adminnivo\",\"image\":{\"@type\":\"ImageObject\",\"inLanguage\":\"en-US\",\"@id\":\"https:\/\/www.artnivo.com\/#\/schema\/person\/image\/\",\"url\":\"https:\/\/secure.gravatar.com\/avatar\/a4e7499f837fe391f2a7e268ac119dcf8a8b7c3605d4e81d8623f5aa0936c482?s=96&d=mm&r=g\",\"contentUrl\":\"https:\/\/secure.gravatar.com\/avatar\/a4e7499f837fe391f2a7e268ac119dcf8a8b7c3605d4e81d8623f5aa0936c482?s=96&d=mm&r=g\",\"caption\":\"adminnivo\"},\"sameAs\":[\"http:\/\/www.artnivo.com\"]}]}<\/script>\n<!-- \/ Yoast SEO plugin. -->","yoast_head_json":{"title":"asl\u0131 narin l bir ba\u015fkas\u0131 i\u00e7in ben l krank art gallery | artnivo","description":"artnivo.com edit\u00f6ryel se\u00e7kisinde asl\u0131 narin l bir ba\u015fkas\u0131 i\u00e7in ben l krank art gallery ba\u015fl\u0131kl\u0131 yaz\u0131y\u0131 okumak i\u00e7in t\u0131klay\u0131n.","robots":{"index":"index","follow":"follow","max-snippet":"max-snippet:-1","max-image-preview":"max-image-preview:large","max-video-preview":"max-video-preview:-1"},"canonical":"https:\/\/www.artnivo.com\/en\/editorial\/art-news\/asli-narin-l-bir-baskasi-icin-ben-l-krank-art-gallery\/","og_locale":"en_US","og_type":"article","og_title":"asl\u0131 narin l bir ba\u015fkas\u0131 i\u00e7in ben l krank art gallery | artnivo","og_description":"artnivo.com edit\u00f6ryel se\u00e7kisinde asl\u0131 narin l bir ba\u015fkas\u0131 i\u00e7in ben l krank art gallery ba\u015fl\u0131kl\u0131 yaz\u0131y\u0131 okumak i\u00e7in t\u0131klay\u0131n.","og_url":"https:\/\/www.artnivo.com\/en\/editorial\/art-news\/asli-narin-l-bir-baskasi-icin-ben-l-krank-art-gallery\/","og_site_name":"artnivo","article_publisher":"https:\/\/www.facebook.com\/artnivocom","article_published_time":"2021-04-02T20:55:08+00:00","article_modified_time":"2021-07-21T21:28:04+00:00","og_image":[{"width":1920,"height":1080,"url":"https:\/\/www.artnivo.com\/wp-content\/uploads\/2021\/04\/5301.jpg","type":"image\/jpeg"}],"author":"adminnivo","twitter_card":"summary_large_image","twitter_creator":"@artnivocom","twitter_site":"@artnivocom","twitter_misc":{"Written by":"adminnivo","Est. reading time":"2 minutes"},"schema":{"@context":"https:\/\/schema.org","@graph":[{"@type":"Article","@id":"https:\/\/www.artnivo.com\/en\/editorial\/art-news\/asli-narin-l-bir-baskasi-icin-ben-l-krank-art-gallery\/#article","isPartOf":{"@id":"https:\/\/www.artnivo.com\/en\/editorial\/art-news\/asli-narin-l-bir-baskasi-icin-ben-l-krank-art-gallery\/"},"author":{"name":"adminnivo","@id":"https:\/\/www.artnivo.com\/#\/schema\/person\/389746eafa68ea49f6169c1cf53ed3fb"},"headline":"asl\u0131 narin l bir ba\u015fkas\u0131 i\u00e7in ben l krank art gallery","datePublished":"2021-04-02T20:55:08+00:00","dateModified":"2021-07-21T21:28:04+00:00","mainEntityOfPage":{"@id":"https:\/\/www.artnivo.com\/en\/editorial\/art-news\/asli-narin-l-bir-baskasi-icin-ben-l-krank-art-gallery\/"},"wordCount":372,"publisher":{"@id":"https:\/\/www.artnivo.com\/#organization"},"image":{"@id":"https:\/\/www.artnivo.com\/en\/editorial\/art-news\/asli-narin-l-bir-baskasi-icin-ben-l-krank-art-gallery\/#primaryimage"},"thumbnailUrl":"https:\/\/www.artnivo.com\/wp-content\/uploads\/2021\/04\/5301.jpg","articleSection":["Art News"],"inLanguage":"en-US"},{"@type":"WebPage","@id":"https:\/\/www.artnivo.com\/en\/editorial\/art-news\/asli-narin-l-bir-baskasi-icin-ben-l-krank-art-gallery\/","url":"https:\/\/www.artnivo.com\/en\/editorial\/art-news\/asli-narin-l-bir-baskasi-icin-ben-l-krank-art-gallery\/","name":"asl\u0131 narin l bir ba\u015fkas\u0131 i\u00e7in ben l krank art gallery | artnivo","isPartOf":{"@id":"https:\/\/www.artnivo.com\/#website"},"primaryImageOfPage":{"@id":"https:\/\/www.artnivo.com\/en\/editorial\/art-news\/asli-narin-l-bir-baskasi-icin-ben-l-krank-art-gallery\/#primaryimage"},"image":{"@id":"https:\/\/www.artnivo.com\/en\/editorial\/art-news\/asli-narin-l-bir-baskasi-icin-ben-l-krank-art-gallery\/#primaryimage"},"thumbnailUrl":"https:\/\/www.artnivo.com\/wp-content\/uploads\/2021\/04\/5301.jpg","datePublished":"2021-04-02T20:55:08+00:00","dateModified":"2021-07-21T21:28:04+00:00","description":"artnivo.com edit\u00f6ryel se\u00e7kisinde asl\u0131 narin l bir ba\u015fkas\u0131 i\u00e7in ben l krank art gallery ba\u015fl\u0131kl\u0131 yaz\u0131y\u0131 okumak i\u00e7in t\u0131klay\u0131n.","breadcrumb":{"@id":"https:\/\/www.artnivo.com\/en\/editorial\/art-news\/asli-narin-l-bir-baskasi-icin-ben-l-krank-art-gallery\/#breadcrumb"},"inLanguage":"en-US","potentialAction":[{"@type":"ReadAction","target":["https:\/\/www.artnivo.com\/en\/editorial\/art-news\/asli-narin-l-bir-baskasi-icin-ben-l-krank-art-gallery\/"]}]},{"@type":"ImageObject","inLanguage":"en-US","@id":"https:\/\/www.artnivo.com\/en\/editorial\/art-news\/asli-narin-l-bir-baskasi-icin-ben-l-krank-art-gallery\/#primaryimage","url":"https:\/\/www.artnivo.com\/wp-content\/uploads\/2021\/04\/5301.jpg","contentUrl":"https:\/\/www.artnivo.com\/wp-content\/uploads\/2021\/04\/5301.jpg","width":1920,"height":1080},{"@type":"BreadcrumbList","@id":"https:\/\/www.artnivo.com\/en\/editorial\/art-news\/asli-narin-l-bir-baskasi-icin-ben-l-krank-art-gallery\/#breadcrumb","itemListElement":[{"@type":"ListItem","position":1,"name":"Anasayfa","item":"https:\/\/www.artnivo.com\/en\/"},{"@type":"ListItem","position":2,"name":"asl\u0131 narin l bir ba\u015fkas\u0131 i\u00e7in ben l krank art gallery"}]},{"@type":"WebSite","@id":"https:\/\/www.artnivo.com\/#website","url":"https:\/\/www.artnivo.com\/","name":"artnivo","description":"","publisher":{"@id":"https:\/\/www.artnivo.com\/#organization"},"potentialAction":[{"@type":"SearchAction","target":{"@type":"EntryPoint","urlTemplate":"https:\/\/www.artnivo.com\/?s={search_term_string}"},"query-input":{"@type":"PropertyValueSpecification","valueRequired":true,"valueName":"search_term_string"}}],"inLanguage":"en-US"},{"@type":"Organization","@id":"https:\/\/www.artnivo.com\/#organization","name":"artnivo","url":"https:\/\/www.artnivo.com\/","logo":{"@type":"ImageObject","inLanguage":"en-US","@id":"https:\/\/www.artnivo.com\/#\/schema\/logo\/image\/","url":"http:\/\/www.artnivo.com\/wp-content\/uploads\/2021\/05\/artnivokare.jpg","contentUrl":"http:\/\/www.artnivo.com\/wp-content\/uploads\/2021\/05\/artnivokare.jpg","width":750,"height":750,"caption":"artnivo"},"image":{"@id":"https:\/\/www.artnivo.com\/#\/schema\/logo\/image\/"},"sameAs":["https:\/\/www.facebook.com\/artnivocom","https:\/\/x.com\/artnivocom","http:\/\/instagram.com\/artnivocom\/","https:\/\/www.pinterest.com\/artnivocom\/","https:\/\/www.youtube.com\/channel\/UC__bxk2hs4IZ4NiD1Bg4J9w"]},{"@type":"Person","@id":"https:\/\/www.artnivo.com\/#\/schema\/person\/389746eafa68ea49f6169c1cf53ed3fb","name":"adminnivo","image":{"@type":"ImageObject","inLanguage":"en-US","@id":"https:\/\/www.artnivo.com\/#\/schema\/person\/image\/","url":"https:\/\/secure.gravatar.com\/avatar\/a4e7499f837fe391f2a7e268ac119dcf8a8b7c3605d4e81d8623f5aa0936c482?s=96&d=mm&r=g","contentUrl":"https:\/\/secure.gravatar.com\/avatar\/a4e7499f837fe391f2a7e268ac119dcf8a8b7c3605d4e81d8623f5aa0936c482?s=96&d=mm&r=g","caption":"adminnivo"},"sameAs":["http:\/\/www.artnivo.com"]}]}},"_links":{"self":[{"href":"https:\/\/www.artnivo.com\/en\/wp-json\/wp\/v2\/posts\/13286","targetHints":{"allow":["GET"]}}],"collection":[{"href":"https:\/\/www.artnivo.com\/en\/wp-json\/wp\/v2\/posts"}],"about":[{"href":"https:\/\/www.artnivo.com\/en\/wp-json\/wp\/v2\/types\/post"}],"author":[{"embeddable":true,"href":"https:\/\/www.artnivo.com\/en\/wp-json\/wp\/v2\/users\/1"}],"replies":[{"embeddable":true,"href":"https:\/\/www.artnivo.com\/en\/wp-json\/wp\/v2\/comments?post=13286"}],"version-history":[{"count":1,"href":"https:\/\/www.artnivo.com\/en\/wp-json\/wp\/v2\/posts\/13286\/revisions"}],"predecessor-version":[{"id":13849,"href":"https:\/\/www.artnivo.com\/en\/wp-json\/wp\/v2\/posts\/13286\/revisions\/13849"}],"wp:featuredmedia":[{"embeddable":true,"href":"https:\/\/www.artnivo.com\/en\/wp-json\/wp\/v2\/media\/12509"}],"wp:attachment":[{"href":"https:\/\/www.artnivo.com\/en\/wp-json\/wp\/v2\/media?parent=13286"}],"wp:term":[{"taxonomy":"category","embeddable":true,"href":"https:\/\/www.artnivo.com\/en\/wp-json\/wp\/v2\/categories?post=13286"},{"taxonomy":"post_tag","embeddable":true,"href":"https:\/\/www.artnivo.com\/en\/wp-json\/wp\/v2\/tags?post=13286"}],"curies":[{"name":"wp","href":"https:\/\/api.w.org\/{rel}","templated":true}]}}