{"id":13291,"date":"2020-09-01T23:51:33","date_gmt":"2020-09-01T20:51:33","guid":{"rendered":"http:\/\/www.artnivo.com\/uncategorized\/7-canakkale-bienali-takimyildiz\/"},"modified":"2021-07-22T00:28:05","modified_gmt":"2021-07-21T21:28:05","slug":"7-canakkale-bienali-takimyildiz","status":"publish","type":"post","link":"https:\/\/www.artnivo.com\/en\/editorial\/art-news\/7-canakkale-bienali-takimyildiz\/","title":{"rendered":"7. \u00e7anakkale bienali &#8211; tak\u0131my\u0131ld\u0131z"},"content":{"rendered":"<p>\u201cTak\u0131my\u0131ld\u0131z\u201d ba\u015fl\u0131kl\u0131 7. \u00c7anakkale Bienali, 31 sanat\u00e7\u0131n\u0131n farkl\u0131 kavramsal \u00e7er\u00e7eveler ve kurgular etraf\u0131nda bir araya getirilen eserlerinden olu\u015fan sergilerle ba\u015flad\u0131. Birbiriyle kesi\u015fen ve etkile\u015fen ili\u015fkileri, i\u015f birliklerini, payla\u015f\u0131mlar\u0131 ve ileti\u015fimleri oda\u011f\u0131na alan bienalin k\u00fcrat\u00f6rl\u00fc\u011f\u00fcn\u00fc CABININ (\u00c7anakkale Bienali \u0130nisiyatifi) ve Azra T\u00fcz\u00fcno\u011flu yap\u0131yor. Pandemi ile m\u00fccadele \u00f6nlemleri g\u00f6zetilerek olu\u015fturulan program \u00e7er\u00e7evesinde, 22 Eyl\u00fcl &#8211; 17 Ekim 2020 tarihleri aras\u0131nda ziyaret\u00e7ileriyle bulu\u015facak olan sergiler, bu tarihten sonra \u00e7evrimi\u00e7i olarak eri\u015fime a\u00e7\u0131lacak.<\/p>\n<p>Bienalde Agah U\u011fur Koleksiyonu\u2019ndan se\u00e7ilen eserlerden olu\u015fan \u201cHi\u00e7 \u0130stemeden ama Seve Seve\u201d ba\u015fl\u0131kl\u0131, Azra T\u00fcz\u00fcno\u011flu\u2019nun k\u00fcrat\u00f6rl\u00fc\u011f\u00fcn\u00fc \u00fcstlendi\u011fi sergi, \u00f6d\u00fcll\u00fc Troya M\u00fczesi&#8217;nde yer al\u0131yor. CABININ k\u00fcrat\u00f6rl\u00fc\u011f\u00fcndeki \u201cNeye Benziyor?\u201d isimli sergi Mahal&#8217;de, yine Azra T\u00fcz\u00fcno\u011flu k\u00fcrat\u00f6rl\u00fc\u011f\u00fcndeki d\u00f6rt b\u00f6l\u00fcmden olu\u015fan \u201cHasarl\u0131 veya Tahrip Edilmi\u015f: K\u00fclt\u00fcr\u201d ba\u015fl\u0131kl\u0131 sergi ise Korfmann K\u00fct\u00fcphanesi ve K\u0131rm\u0131z\u0131 Konak&#8217;ta yer al\u0131yor. 7. \u00c7anakkale Bienali\u2019nin ana destek\u00e7isi Dardanel.<\/p>\n<p>Sanat\u00e7\u0131lar: Agn\u00e8s Varda, Agnieszka Polska, Ahmet Sipahio\u011flu, Alexandra Pirici, Ali Can Metin, Anahita Razmi, Asl\u0131 Altay, Cao Fei, Cevdet Erek, Constantin Xenakis, Cristina Lucas, Ekin Bernay, Ekin Sa\u00e7l\u0131o\u011flu, Erin\u00e7 Seymen, F\u00fcsun Onur, G\u00fcls\u00fcn Karamustafa, Hale Tenger, Halil Alt\u0131ndere, \u0130nci Eviner, Koki Tanaka, Korhan Ba\u015faran, Marcos \u00c1vila Forero, Marko M\u00e4etamm, Nabuaki Onishi, Nasan Tur, Nora Turato, P\u0131nar Yolda\u015f, R\u00fcstem Aslan, Sanja Ivekovi\u0107, Serkan Demir, Taus Makhacheva.<\/p>\n","protected":false},"excerpt":{"rendered":"<p>\u201cTak\u0131my\u0131ld\u0131z\u201d ba\u015fl\u0131kl\u0131 7. \u00c7anakkale Bienali, 31 sanat\u00e7\u0131n\u0131n farkl\u0131 kavramsal \u00e7er\u00e7eveler ve kurgular etraf\u0131nda bir araya getirilen eserlerinden olu\u015fan sergilerle ba\u015flad\u0131. Birbiriyle kesi\u015fen ve etkile\u015fen ili\u015fkileri,&#8230;<\/p>\n","protected":false},"author":1,"featured_media":12527,"comment_status":"closed","ping_status":"closed","sticky":false,"template":"","format":"standard","meta":{"footnotes":""},"categories":[689],"tags":[],"class_list":["post-13291","post","type-post","status-publish","format-standard","has-post-thumbnail","hentry","category-art-news"],"acf":[],"yoast_head":"<!-- This site is optimized with the Yoast SEO plugin v23.4 - https:\/\/yoast.com\/wordpress\/plugins\/seo\/ -->\n<title>7. \u00e7anakkale bienali - tak\u0131my\u0131ld\u0131z | artnivo<\/title>\n<meta name=\"description\" content=\"artnivo.com edit\u00f6ryel se\u00e7kisinde 7. \u00e7anakkale bienali - tak\u0131my\u0131ld\u0131z ba\u015fl\u0131kl\u0131 yaz\u0131y\u0131 okumak i\u00e7in t\u0131klay\u0131n.\" \/>\n<meta name=\"robots\" content=\"index, follow, max-snippet:-1, max-image-preview:large, max-video-preview:-1\" \/>\n<link rel=\"canonical\" href=\"https:\/\/www.artnivo.com\/en\/editorial\/art-news\/7-canakkale-bienali-takimyildiz\/\" \/>\n<meta property=\"og:locale\" content=\"en_US\" \/>\n<meta property=\"og:type\" content=\"article\" \/>\n<meta property=\"og:title\" content=\"7. \u00e7anakkale bienali - tak\u0131my\u0131ld\u0131z | artnivo\" \/>\n<meta property=\"og:description\" content=\"artnivo.com edit\u00f6ryel se\u00e7kisinde 7. \u00e7anakkale bienali - tak\u0131my\u0131ld\u0131z ba\u015fl\u0131kl\u0131 yaz\u0131y\u0131 okumak i\u00e7in t\u0131klay\u0131n.\" \/>\n<meta property=\"og:url\" content=\"https:\/\/www.artnivo.com\/en\/editorial\/art-news\/7-canakkale-bienali-takimyildiz\/\" \/>\n<meta property=\"og:site_name\" content=\"artnivo\" \/>\n<meta property=\"article:publisher\" content=\"https:\/\/www.facebook.com\/artnivocom\" \/>\n<meta property=\"article:published_time\" content=\"2020-09-01T20:51:33+00:00\" \/>\n<meta property=\"article:modified_time\" content=\"2021-07-21T21:28:05+00:00\" \/>\n<meta property=\"og:image\" content=\"https:\/\/www.artnivo.com\/wp-content\/uploads\/2021\/04\/canakkale.jpg\" \/>\n\t<meta property=\"og:image:width\" content=\"1241\" \/>\n\t<meta property=\"og:image:height\" content=\"827\" \/>\n\t<meta property=\"og:image:type\" content=\"image\/jpeg\" \/>\n<meta name=\"author\" content=\"adminnivo\" \/>\n<meta name=\"twitter:card\" content=\"summary_large_image\" \/>\n<meta name=\"twitter:creator\" content=\"@artnivocom\" \/>\n<meta name=\"twitter:site\" content=\"@artnivocom\" \/>\n<meta name=\"twitter:label1\" content=\"Written by\" \/>\n\t<meta name=\"twitter:data1\" content=\"adminnivo\" \/>\n\t<meta name=\"twitter:label2\" content=\"Est. reading time\" \/>\n\t<meta name=\"twitter:data2\" content=\"1 minute\" \/>\n<script type=\"application\/ld+json\" class=\"yoast-schema-graph\">{\"@context\":\"https:\/\/schema.org\",\"@graph\":[{\"@type\":\"Article\",\"@id\":\"https:\/\/www.artnivo.com\/en\/editorial\/art-news\/7-canakkale-bienali-takimyildiz\/#article\",\"isPartOf\":{\"@id\":\"https:\/\/www.artnivo.com\/en\/editorial\/art-news\/7-canakkale-bienali-takimyildiz\/\"},\"author\":{\"name\":\"adminnivo\",\"@id\":\"https:\/\/www.artnivo.com\/#\/schema\/person\/389746eafa68ea49f6169c1cf53ed3fb\"},\"headline\":\"7. \u00e7anakkale bienali &#8211; tak\u0131my\u0131ld\u0131z\",\"datePublished\":\"2020-09-01T20:51:33+00:00\",\"dateModified\":\"2021-07-21T21:28:05+00:00\",\"mainEntityOfPage\":{\"@id\":\"https:\/\/www.artnivo.com\/en\/editorial\/art-news\/7-canakkale-bienali-takimyildiz\/\"},\"wordCount\":286,\"publisher\":{\"@id\":\"https:\/\/www.artnivo.com\/#organization\"},\"image\":{\"@id\":\"https:\/\/www.artnivo.com\/en\/editorial\/art-news\/7-canakkale-bienali-takimyildiz\/#primaryimage\"},\"thumbnailUrl\":\"https:\/\/www.artnivo.com\/wp-content\/uploads\/2021\/04\/canakkale.jpg\",\"articleSection\":[\"Art News\"],\"inLanguage\":\"en-US\"},{\"@type\":\"WebPage\",\"@id\":\"https:\/\/www.artnivo.com\/en\/editorial\/art-news\/7-canakkale-bienali-takimyildiz\/\",\"url\":\"https:\/\/www.artnivo.com\/en\/editorial\/art-news\/7-canakkale-bienali-takimyildiz\/\",\"name\":\"7. \u00e7anakkale bienali - tak\u0131my\u0131ld\u0131z | artnivo\",\"isPartOf\":{\"@id\":\"https:\/\/www.artnivo.com\/#website\"},\"primaryImageOfPage\":{\"@id\":\"https:\/\/www.artnivo.com\/en\/editorial\/art-news\/7-canakkale-bienali-takimyildiz\/#primaryimage\"},\"image\":{\"@id\":\"https:\/\/www.artnivo.com\/en\/editorial\/art-news\/7-canakkale-bienali-takimyildiz\/#primaryimage\"},\"thumbnailUrl\":\"https:\/\/www.artnivo.com\/wp-content\/uploads\/2021\/04\/canakkale.jpg\",\"datePublished\":\"2020-09-01T20:51:33+00:00\",\"dateModified\":\"2021-07-21T21:28:05+00:00\",\"description\":\"artnivo.com edit\u00f6ryel se\u00e7kisinde 7. \u00e7anakkale bienali - tak\u0131my\u0131ld\u0131z ba\u015fl\u0131kl\u0131 yaz\u0131y\u0131 okumak i\u00e7in t\u0131klay\u0131n.\",\"breadcrumb\":{\"@id\":\"https:\/\/www.artnivo.com\/en\/editorial\/art-news\/7-canakkale-bienali-takimyildiz\/#breadcrumb\"},\"inLanguage\":\"en-US\",\"potentialAction\":[{\"@type\":\"ReadAction\",\"target\":[\"https:\/\/www.artnivo.com\/en\/editorial\/art-news\/7-canakkale-bienali-takimyildiz\/\"]}]},{\"@type\":\"ImageObject\",\"inLanguage\":\"en-US\",\"@id\":\"https:\/\/www.artnivo.com\/en\/editorial\/art-news\/7-canakkale-bienali-takimyildiz\/#primaryimage\",\"url\":\"https:\/\/www.artnivo.com\/wp-content\/uploads\/2021\/04\/canakkale.jpg\",\"contentUrl\":\"https:\/\/www.artnivo.com\/wp-content\/uploads\/2021\/04\/canakkale.jpg\",\"width\":1241,\"height\":827},{\"@type\":\"BreadcrumbList\",\"@id\":\"https:\/\/www.artnivo.com\/en\/editorial\/art-news\/7-canakkale-bienali-takimyildiz\/#breadcrumb\",\"itemListElement\":[{\"@type\":\"ListItem\",\"position\":1,\"name\":\"Anasayfa\",\"item\":\"http:\/\/www.artnivo.com\/en\/\"},{\"@type\":\"ListItem\",\"position\":2,\"name\":\"7. \u00e7anakkale bienali &#8211; tak\u0131my\u0131ld\u0131z\"}]},{\"@type\":\"WebSite\",\"@id\":\"https:\/\/www.artnivo.com\/#website\",\"url\":\"https:\/\/www.artnivo.com\/\",\"name\":\"artnivo\",\"description\":\"\",\"publisher\":{\"@id\":\"https:\/\/www.artnivo.com\/#organization\"},\"potentialAction\":[{\"@type\":\"SearchAction\",\"target\":{\"@type\":\"EntryPoint\",\"urlTemplate\":\"https:\/\/www.artnivo.com\/?s={search_term_string}\"},\"query-input\":{\"@type\":\"PropertyValueSpecification\",\"valueRequired\":true,\"valueName\":\"search_term_string\"}}],\"inLanguage\":\"en-US\"},{\"@type\":\"Organization\",\"@id\":\"https:\/\/www.artnivo.com\/#organization\",\"name\":\"artnivo\",\"url\":\"https:\/\/www.artnivo.com\/\",\"logo\":{\"@type\":\"ImageObject\",\"inLanguage\":\"en-US\",\"@id\":\"https:\/\/www.artnivo.com\/#\/schema\/logo\/image\/\",\"url\":\"http:\/\/www.artnivo.com\/wp-content\/uploads\/2021\/05\/artnivokare.jpg\",\"contentUrl\":\"http:\/\/www.artnivo.com\/wp-content\/uploads\/2021\/05\/artnivokare.jpg\",\"width\":750,\"height\":750,\"caption\":\"artnivo\"},\"image\":{\"@id\":\"https:\/\/www.artnivo.com\/#\/schema\/logo\/image\/\"},\"sameAs\":[\"https:\/\/www.facebook.com\/artnivocom\",\"https:\/\/x.com\/artnivocom\",\"http:\/\/instagram.com\/artnivocom\/\",\"https:\/\/www.pinterest.com\/artnivocom\/\",\"https:\/\/www.youtube.com\/channel\/UC__bxk2hs4IZ4NiD1Bg4J9w\"]},{\"@type\":\"Person\",\"@id\":\"https:\/\/www.artnivo.com\/#\/schema\/person\/389746eafa68ea49f6169c1cf53ed3fb\",\"name\":\"adminnivo\",\"image\":{\"@type\":\"ImageObject\",\"inLanguage\":\"en-US\",\"@id\":\"https:\/\/www.artnivo.com\/#\/schema\/person\/image\/\",\"url\":\"https:\/\/secure.gravatar.com\/avatar\/a4e7499f837fe391f2a7e268ac119dcf8a8b7c3605d4e81d8623f5aa0936c482?s=96&d=mm&r=g\",\"contentUrl\":\"https:\/\/secure.gravatar.com\/avatar\/a4e7499f837fe391f2a7e268ac119dcf8a8b7c3605d4e81d8623f5aa0936c482?s=96&d=mm&r=g\",\"caption\":\"adminnivo\"},\"sameAs\":[\"http:\/\/www.artnivo.com\"]}]}<\/script>\n<!-- \/ Yoast SEO plugin. -->","yoast_head_json":{"title":"7. \u00e7anakkale bienali - tak\u0131my\u0131ld\u0131z | artnivo","description":"artnivo.com edit\u00f6ryel se\u00e7kisinde 7. \u00e7anakkale bienali - tak\u0131my\u0131ld\u0131z ba\u015fl\u0131kl\u0131 yaz\u0131y\u0131 okumak i\u00e7in t\u0131klay\u0131n.","robots":{"index":"index","follow":"follow","max-snippet":"max-snippet:-1","max-image-preview":"max-image-preview:large","max-video-preview":"max-video-preview:-1"},"canonical":"https:\/\/www.artnivo.com\/en\/editorial\/art-news\/7-canakkale-bienali-takimyildiz\/","og_locale":"en_US","og_type":"article","og_title":"7. \u00e7anakkale bienali - tak\u0131my\u0131ld\u0131z | artnivo","og_description":"artnivo.com edit\u00f6ryel se\u00e7kisinde 7. \u00e7anakkale bienali - tak\u0131my\u0131ld\u0131z ba\u015fl\u0131kl\u0131 yaz\u0131y\u0131 okumak i\u00e7in t\u0131klay\u0131n.","og_url":"https:\/\/www.artnivo.com\/en\/editorial\/art-news\/7-canakkale-bienali-takimyildiz\/","og_site_name":"artnivo","article_publisher":"https:\/\/www.facebook.com\/artnivocom","article_published_time":"2020-09-01T20:51:33+00:00","article_modified_time":"2021-07-21T21:28:05+00:00","og_image":[{"width":1241,"height":827,"url":"https:\/\/www.artnivo.com\/wp-content\/uploads\/2021\/04\/canakkale.jpg","type":"image\/jpeg"}],"author":"adminnivo","twitter_card":"summary_large_image","twitter_creator":"@artnivocom","twitter_site":"@artnivocom","twitter_misc":{"Written by":"adminnivo","Est. reading time":"1 minute"},"schema":{"@context":"https:\/\/schema.org","@graph":[{"@type":"Article","@id":"https:\/\/www.artnivo.com\/en\/editorial\/art-news\/7-canakkale-bienali-takimyildiz\/#article","isPartOf":{"@id":"https:\/\/www.artnivo.com\/en\/editorial\/art-news\/7-canakkale-bienali-takimyildiz\/"},"author":{"name":"adminnivo","@id":"https:\/\/www.artnivo.com\/#\/schema\/person\/389746eafa68ea49f6169c1cf53ed3fb"},"headline":"7. \u00e7anakkale bienali &#8211; tak\u0131my\u0131ld\u0131z","datePublished":"2020-09-01T20:51:33+00:00","dateModified":"2021-07-21T21:28:05+00:00","mainEntityOfPage":{"@id":"https:\/\/www.artnivo.com\/en\/editorial\/art-news\/7-canakkale-bienali-takimyildiz\/"},"wordCount":286,"publisher":{"@id":"https:\/\/www.artnivo.com\/#organization"},"image":{"@id":"https:\/\/www.artnivo.com\/en\/editorial\/art-news\/7-canakkale-bienali-takimyildiz\/#primaryimage"},"thumbnailUrl":"https:\/\/www.artnivo.com\/wp-content\/uploads\/2021\/04\/canakkale.jpg","articleSection":["Art News"],"inLanguage":"en-US"},{"@type":"WebPage","@id":"https:\/\/www.artnivo.com\/en\/editorial\/art-news\/7-canakkale-bienali-takimyildiz\/","url":"https:\/\/www.artnivo.com\/en\/editorial\/art-news\/7-canakkale-bienali-takimyildiz\/","name":"7. \u00e7anakkale bienali - tak\u0131my\u0131ld\u0131z | artnivo","isPartOf":{"@id":"https:\/\/www.artnivo.com\/#website"},"primaryImageOfPage":{"@id":"https:\/\/www.artnivo.com\/en\/editorial\/art-news\/7-canakkale-bienali-takimyildiz\/#primaryimage"},"image":{"@id":"https:\/\/www.artnivo.com\/en\/editorial\/art-news\/7-canakkale-bienali-takimyildiz\/#primaryimage"},"thumbnailUrl":"https:\/\/www.artnivo.com\/wp-content\/uploads\/2021\/04\/canakkale.jpg","datePublished":"2020-09-01T20:51:33+00:00","dateModified":"2021-07-21T21:28:05+00:00","description":"artnivo.com edit\u00f6ryel se\u00e7kisinde 7. \u00e7anakkale bienali - tak\u0131my\u0131ld\u0131z ba\u015fl\u0131kl\u0131 yaz\u0131y\u0131 okumak i\u00e7in t\u0131klay\u0131n.","breadcrumb":{"@id":"https:\/\/www.artnivo.com\/en\/editorial\/art-news\/7-canakkale-bienali-takimyildiz\/#breadcrumb"},"inLanguage":"en-US","potentialAction":[{"@type":"ReadAction","target":["https:\/\/www.artnivo.com\/en\/editorial\/art-news\/7-canakkale-bienali-takimyildiz\/"]}]},{"@type":"ImageObject","inLanguage":"en-US","@id":"https:\/\/www.artnivo.com\/en\/editorial\/art-news\/7-canakkale-bienali-takimyildiz\/#primaryimage","url":"https:\/\/www.artnivo.com\/wp-content\/uploads\/2021\/04\/canakkale.jpg","contentUrl":"https:\/\/www.artnivo.com\/wp-content\/uploads\/2021\/04\/canakkale.jpg","width":1241,"height":827},{"@type":"BreadcrumbList","@id":"https:\/\/www.artnivo.com\/en\/editorial\/art-news\/7-canakkale-bienali-takimyildiz\/#breadcrumb","itemListElement":[{"@type":"ListItem","position":1,"name":"Anasayfa","item":"http:\/\/www.artnivo.com\/en\/"},{"@type":"ListItem","position":2,"name":"7. \u00e7anakkale bienali &#8211; tak\u0131my\u0131ld\u0131z"}]},{"@type":"WebSite","@id":"https:\/\/www.artnivo.com\/#website","url":"https:\/\/www.artnivo.com\/","name":"artnivo","description":"","publisher":{"@id":"https:\/\/www.artnivo.com\/#organization"},"potentialAction":[{"@type":"SearchAction","target":{"@type":"EntryPoint","urlTemplate":"https:\/\/www.artnivo.com\/?s={search_term_string}"},"query-input":{"@type":"PropertyValueSpecification","valueRequired":true,"valueName":"search_term_string"}}],"inLanguage":"en-US"},{"@type":"Organization","@id":"https:\/\/www.artnivo.com\/#organization","name":"artnivo","url":"https:\/\/www.artnivo.com\/","logo":{"@type":"ImageObject","inLanguage":"en-US","@id":"https:\/\/www.artnivo.com\/#\/schema\/logo\/image\/","url":"http:\/\/www.artnivo.com\/wp-content\/uploads\/2021\/05\/artnivokare.jpg","contentUrl":"http:\/\/www.artnivo.com\/wp-content\/uploads\/2021\/05\/artnivokare.jpg","width":750,"height":750,"caption":"artnivo"},"image":{"@id":"https:\/\/www.artnivo.com\/#\/schema\/logo\/image\/"},"sameAs":["https:\/\/www.facebook.com\/artnivocom","https:\/\/x.com\/artnivocom","http:\/\/instagram.com\/artnivocom\/","https:\/\/www.pinterest.com\/artnivocom\/","https:\/\/www.youtube.com\/channel\/UC__bxk2hs4IZ4NiD1Bg4J9w"]},{"@type":"Person","@id":"https:\/\/www.artnivo.com\/#\/schema\/person\/389746eafa68ea49f6169c1cf53ed3fb","name":"adminnivo","image":{"@type":"ImageObject","inLanguage":"en-US","@id":"https:\/\/www.artnivo.com\/#\/schema\/person\/image\/","url":"https:\/\/secure.gravatar.com\/avatar\/a4e7499f837fe391f2a7e268ac119dcf8a8b7c3605d4e81d8623f5aa0936c482?s=96&d=mm&r=g","contentUrl":"https:\/\/secure.gravatar.com\/avatar\/a4e7499f837fe391f2a7e268ac119dcf8a8b7c3605d4e81d8623f5aa0936c482?s=96&d=mm&r=g","caption":"adminnivo"},"sameAs":["http:\/\/www.artnivo.com"]}]}},"_links":{"self":[{"href":"https:\/\/www.artnivo.com\/en\/wp-json\/wp\/v2\/posts\/13291","targetHints":{"allow":["GET"]}}],"collection":[{"href":"https:\/\/www.artnivo.com\/en\/wp-json\/wp\/v2\/posts"}],"about":[{"href":"https:\/\/www.artnivo.com\/en\/wp-json\/wp\/v2\/types\/post"}],"author":[{"embeddable":true,"href":"https:\/\/www.artnivo.com\/en\/wp-json\/wp\/v2\/users\/1"}],"replies":[{"embeddable":true,"href":"https:\/\/www.artnivo.com\/en\/wp-json\/wp\/v2\/comments?post=13291"}],"version-history":[{"count":1,"href":"https:\/\/www.artnivo.com\/en\/wp-json\/wp\/v2\/posts\/13291\/revisions"}],"predecessor-version":[{"id":13854,"href":"https:\/\/www.artnivo.com\/en\/wp-json\/wp\/v2\/posts\/13291\/revisions\/13854"}],"wp:featuredmedia":[{"embeddable":true,"href":"https:\/\/www.artnivo.com\/en\/wp-json\/wp\/v2\/media\/12527"}],"wp:attachment":[{"href":"https:\/\/www.artnivo.com\/en\/wp-json\/wp\/v2\/media?parent=13291"}],"wp:term":[{"taxonomy":"category","embeddable":true,"href":"https:\/\/www.artnivo.com\/en\/wp-json\/wp\/v2\/categories?post=13291"},{"taxonomy":"post_tag","embeddable":true,"href":"https:\/\/www.artnivo.com\/en\/wp-json\/wp\/v2\/tags?post=13291"}],"curies":[{"name":"wp","href":"https:\/\/api.w.org\/{rel}","templated":true}]}}