{"id":17171,"date":"2022-03-22T16:25:49","date_gmt":"2022-03-22T13:25:49","guid":{"rendered":"http:\/\/www.artnivo.com\/uncategorized\/arterden-iki-sergi\/"},"modified":"2022-03-22T16:25:49","modified_gmt":"2022-03-22T13:25:49","slug":"arterden-iki-sergi","status":"publish","type":"post","link":"https:\/\/www.artnivo.com\/en\/editorial\/art-news\/arterden-iki-sergi\/","title":{"rendered":"Arter&#8217;den iki sergi!"},"content":{"rendered":"<p>Cande\u011fer Furtun<\/p>\n<p>1960\u2019lardan bu yana forma ve malzemeye dair \u00f6zg\u00fcn bir yakla\u015f\u0131mla, ya\u015famsal, felsefi, tarihsel, toplumsal ve siyasi sorunsallardan beslenerek seramik eserler \u00fcreten Furtun\u2019un bu ilk retrospektif sergisi, sanat\u00e7\u0131n\u0131n zengin form ve doku d\u00fcnyas\u0131n\u0131 yans\u0131tan y\u00fczden fazla yap\u0131t\u0131n\u0131 at\u00f6lyesindeki ara\u015ft\u0131rma ve \u00fcretim s\u00fcre\u00e7lerine yak\u0131ndan tan\u0131kl\u0131k eden ar\u015fiv malzemeleriyle bir araya getiriyor.<br \/>\nSanat\u00e7\u0131n\u0131n \u00fcretiminde s\u0131kl\u0131kla referans verdi\u011fi kavramlardan biri olan \u201ckabuk\u201d kavram\u0131 etraf\u0131nda kurgulanan sergi, Furtun\u2019un sanat\u0131nda bi\u00e7imsel ve d\u00fc\u015f\u00fcnsel bir \u00f6neme sahip olan do\u011fa ve beden temalar\u0131n\u0131 oda\u011f\u0131na al\u0131yor; \u201cDo\u011fay\u0131 izlerken bile, her kabukta, tohumda ve ta\u015flarda insan fig\u00fcrleri g\u00f6rd\u00fc\u011f\u00fcn\u00fc\u201d belirten sanat\u00e7\u0131n\u0131n do\u011fayla beden aras\u0131nda kurdu\u011fu ili\u015fkileri ve olu\u015fturdu\u011fu ge\u00e7i\u015f olanaklar\u0131n\u0131 vurguluyor.  Bir e\u015fik i\u015flevi g\u00f6ren \u201ckabuk\u201d kavram\u0131 sanat\u00e7\u0131n\u0131n yaratt\u0131\u011f\u0131 formlarda v\u00fccut kazanan i\u00e7\/d\u0131\u015f, bo\u015fluk\/doluluk, soyut\/somut, par\u00e7a\/b\u00fct\u00fcn ve tekillik\/\u00e7o\u011fulluk gibi dinamiklere de i\u015faret ediyor. <\/p>\n<p>17 Nisan\u2019a kadar ziyaret edilebilen Cande\u011fer Furtun sergisi bir araya getirdi\u011fi yap\u0131tlarla i\u015flevselli\u011finden ar\u0131nm\u0131\u015f nesnenin sanatsal boyutunu temsil \u00fczerinden de\u011fil, ya\u015fam ve ya\u015fam\u0131n i\u00e7kin bir par\u00e7as\u0131 olan \u00f6l\u00fcmle yak\u0131n temas\u0131 arac\u0131l\u0131\u011f\u0131yla d\u00fc\u015f\u00fcnmeye te\u015fvik ediyor. <\/p>\n<p>OyunBu<\/p>\n<p>Emre Baykal\u2019\u0131n k\u00fcrat\u00f6rl\u00fc\u011f\u00fcnde ger\u00e7ekle\u015fen ve 50\u2019nin \u00fczerinde sanat\u00e7\u0131n\u0131n i\u015flerinden olu\u015fan OyunBu grup sergisi, Arter Koleksiyonu\u2019ndan se\u00e7ilen yap\u0131tlar\u0131 \u00e7ocukluk ve oyun kavramlar\u0131 etraf\u0131nda bir araya getiriyor. <\/p>\n<p>Oyun ve oyuna ili\u015fkin kavramlar\u0131n sanat\u00e7\u0131lar\u0131n imgeleminde ba\u015flay\u0131p sanat yap\u0131t\u0131yla tamamlanan yolculu\u011funa sergi boyunca farkl\u0131 d\u00fc\u015f\u00fcnme, yorumlama ve \u00fcretim s\u00fcre\u00e7leri e\u015flik ediyor. <\/p>\n<p>Arter\u2019in birinci ve ikinci kat galerilerine yay\u0131lan sergi, i\u00e7ine yerle\u015fti\u011fi mek\u00e2nlar\u0131n mimarisini de oyuncul m\u00fcdahalelerle yorumluyor. OyunBu, d\u00fc\u015f kurarken ciddiyetini hi\u00e7 bozmayan \u00e7ocuk ile oynamaktan asla vazge\u00e7meyen yeti\u015fkinin ger\u00e7ek ile hayal aras\u0131nda sal\u0131nan d\u00fcnyalar\u0131na a\u00e7\u0131lan kap\u0131y\u0131 her iki tarafa do\u011fru aralay\u0131p bulu\u015fturmay\u0131 deniyor.<\/p>\n","protected":false},"excerpt":{"rendered":"<p>Cande\u011fer Furtun 1960\u2019lardan bu yana forma ve malzemeye dair \u00f6zg\u00fcn bir yakla\u015f\u0131mla, ya\u015famsal, felsefi, tarihsel, toplumsal ve siyasi sorunsallardan beslenerek seramik eserler \u00fcreten Furtun\u2019un bu&#8230;<\/p>\n","protected":false},"author":2,"featured_media":0,"comment_status":"closed","ping_status":"closed","sticky":false,"template":"","format":"standard","meta":{"footnotes":""},"categories":[689],"tags":[1042],"class_list":["post-17171","post","type-post","status-publish","format-standard","hentry","category-art-news","tag-haberler-en"],"acf":[],"yoast_head":"<!-- This site is optimized with the Yoast SEO plugin v23.4 - https:\/\/yoast.com\/wordpress\/plugins\/seo\/ -->\n<title>Arter&#039;den iki sergi! | artnivo<\/title>\n<meta name=\"description\" content=\"artnivo.com edit\u00f6ryel se\u00e7kisinde Arter&#039;den iki sergi! ba\u015fl\u0131kl\u0131 yaz\u0131y\u0131 okumak i\u00e7in t\u0131klay\u0131n.\" \/>\n<meta name=\"robots\" content=\"index, follow, max-snippet:-1, max-image-preview:large, max-video-preview:-1\" \/>\n<link rel=\"canonical\" href=\"https:\/\/www.artnivo.com\/en\/editorial\/art-news\/arterden-iki-sergi\/\" \/>\n<meta property=\"og:locale\" content=\"en_US\" \/>\n<meta property=\"og:type\" content=\"article\" \/>\n<meta property=\"og:title\" content=\"Arter&#039;den iki sergi! | artnivo\" \/>\n<meta property=\"og:description\" content=\"artnivo.com edit\u00f6ryel se\u00e7kisinde Arter&#039;den iki sergi! ba\u015fl\u0131kl\u0131 yaz\u0131y\u0131 okumak i\u00e7in t\u0131klay\u0131n.\" \/>\n<meta property=\"og:url\" content=\"https:\/\/www.artnivo.com\/en\/editorial\/art-news\/arterden-iki-sergi\/\" \/>\n<meta property=\"og:site_name\" content=\"artnivo\" \/>\n<meta property=\"article:publisher\" content=\"https:\/\/www.facebook.com\/artnivocom\" \/>\n<meta property=\"article:published_time\" content=\"2022-03-22T13:25:49+00:00\" \/>\n<meta property=\"og:image\" content=\"https:\/\/www.artnivo.com\/wp-content\/uploads\/2021\/05\/artnivohomesocial.jpg\" \/>\n\t<meta property=\"og:image:width\" content=\"1000\" \/>\n\t<meta property=\"og:image:height\" content=\"565\" \/>\n\t<meta property=\"og:image:type\" content=\"image\/jpeg\" \/>\n<meta name=\"author\" content=\"\u00d6zge \u0130nal\" \/>\n<meta name=\"twitter:card\" content=\"summary_large_image\" \/>\n<meta name=\"twitter:creator\" content=\"@artnivocom\" \/>\n<meta name=\"twitter:site\" content=\"@artnivocom\" \/>\n<meta name=\"twitter:label1\" content=\"Written by\" \/>\n\t<meta name=\"twitter:data1\" content=\"\u00d6zge \u0130nal\" \/>\n\t<meta name=\"twitter:label2\" content=\"Est. reading time\" \/>\n\t<meta name=\"twitter:data2\" content=\"2 minutes\" \/>\n<script type=\"application\/ld+json\" class=\"yoast-schema-graph\">{\"@context\":\"https:\/\/schema.org\",\"@graph\":[{\"@type\":\"Article\",\"@id\":\"https:\/\/www.artnivo.com\/en\/editorial\/art-news\/arterden-iki-sergi\/#article\",\"isPartOf\":{\"@id\":\"https:\/\/www.artnivo.com\/en\/editorial\/art-news\/arterden-iki-sergi\/\"},\"author\":{\"name\":\"\u00d6zge \u0130nal\",\"@id\":\"https:\/\/www.artnivo.com\/#\/schema\/person\/6e28f06515dff63e7a5a690425732624\"},\"headline\":\"Arter&#8217;den iki sergi!\",\"datePublished\":\"2022-03-22T13:25:49+00:00\",\"dateModified\":\"2022-03-22T13:25:49+00:00\",\"mainEntityOfPage\":{\"@id\":\"https:\/\/www.artnivo.com\/en\/editorial\/art-news\/arterden-iki-sergi\/\"},\"wordCount\":386,\"publisher\":{\"@id\":\"https:\/\/www.artnivo.com\/#organization\"},\"keywords\":[\"Haberler\"],\"articleSection\":[\"Art News\"],\"inLanguage\":\"en-US\"},{\"@type\":\"WebPage\",\"@id\":\"https:\/\/www.artnivo.com\/en\/editorial\/art-news\/arterden-iki-sergi\/\",\"url\":\"https:\/\/www.artnivo.com\/en\/editorial\/art-news\/arterden-iki-sergi\/\",\"name\":\"Arter'den iki sergi! | artnivo\",\"isPartOf\":{\"@id\":\"https:\/\/www.artnivo.com\/#website\"},\"datePublished\":\"2022-03-22T13:25:49+00:00\",\"dateModified\":\"2022-03-22T13:25:49+00:00\",\"description\":\"artnivo.com edit\u00f6ryel se\u00e7kisinde Arter'den iki sergi! ba\u015fl\u0131kl\u0131 yaz\u0131y\u0131 okumak i\u00e7in t\u0131klay\u0131n.\",\"breadcrumb\":{\"@id\":\"https:\/\/www.artnivo.com\/en\/editorial\/art-news\/arterden-iki-sergi\/#breadcrumb\"},\"inLanguage\":\"en-US\",\"potentialAction\":[{\"@type\":\"ReadAction\",\"target\":[\"https:\/\/www.artnivo.com\/en\/editorial\/art-news\/arterden-iki-sergi\/\"]}]},{\"@type\":\"BreadcrumbList\",\"@id\":\"https:\/\/www.artnivo.com\/en\/editorial\/art-news\/arterden-iki-sergi\/#breadcrumb\",\"itemListElement\":[{\"@type\":\"ListItem\",\"position\":1,\"name\":\"Anasayfa\",\"item\":\"https:\/\/www.artnivo.com\/en\/\"},{\"@type\":\"ListItem\",\"position\":2,\"name\":\"Arter&#8217;den iki sergi!\"}]},{\"@type\":\"WebSite\",\"@id\":\"https:\/\/www.artnivo.com\/#website\",\"url\":\"https:\/\/www.artnivo.com\/\",\"name\":\"artnivo\",\"description\":\"\",\"publisher\":{\"@id\":\"https:\/\/www.artnivo.com\/#organization\"},\"potentialAction\":[{\"@type\":\"SearchAction\",\"target\":{\"@type\":\"EntryPoint\",\"urlTemplate\":\"https:\/\/www.artnivo.com\/?s={search_term_string}\"},\"query-input\":{\"@type\":\"PropertyValueSpecification\",\"valueRequired\":true,\"valueName\":\"search_term_string\"}}],\"inLanguage\":\"en-US\"},{\"@type\":\"Organization\",\"@id\":\"https:\/\/www.artnivo.com\/#organization\",\"name\":\"artnivo\",\"url\":\"https:\/\/www.artnivo.com\/\",\"logo\":{\"@type\":\"ImageObject\",\"inLanguage\":\"en-US\",\"@id\":\"https:\/\/www.artnivo.com\/#\/schema\/logo\/image\/\",\"url\":\"http:\/\/www.artnivo.com\/wp-content\/uploads\/2021\/05\/artnivokare.jpg\",\"contentUrl\":\"http:\/\/www.artnivo.com\/wp-content\/uploads\/2021\/05\/artnivokare.jpg\",\"width\":750,\"height\":750,\"caption\":\"artnivo\"},\"image\":{\"@id\":\"https:\/\/www.artnivo.com\/#\/schema\/logo\/image\/\"},\"sameAs\":[\"https:\/\/www.facebook.com\/artnivocom\",\"https:\/\/x.com\/artnivocom\",\"http:\/\/instagram.com\/artnivocom\/\",\"https:\/\/www.pinterest.com\/artnivocom\/\",\"https:\/\/www.youtube.com\/channel\/UC__bxk2hs4IZ4NiD1Bg4J9w\"]},{\"@type\":\"Person\",\"@id\":\"https:\/\/www.artnivo.com\/#\/schema\/person\/6e28f06515dff63e7a5a690425732624\",\"name\":\"\u00d6zge \u0130nal\",\"image\":{\"@type\":\"ImageObject\",\"inLanguage\":\"en-US\",\"@id\":\"https:\/\/www.artnivo.com\/#\/schema\/person\/image\/\",\"url\":\"https:\/\/secure.gravatar.com\/avatar\/bd17da66c1f10cea1ce12f28ab22e1ad367c1452167fd4b1be1411e9e6d68fa2?s=96&d=mm&r=g\",\"contentUrl\":\"https:\/\/secure.gravatar.com\/avatar\/bd17da66c1f10cea1ce12f28ab22e1ad367c1452167fd4b1be1411e9e6d68fa2?s=96&d=mm&r=g\",\"caption\":\"\u00d6zge \u0130nal\"}}]}<\/script>\n<!-- \/ Yoast SEO plugin. -->","yoast_head_json":{"title":"Arter'den iki sergi! | artnivo","description":"artnivo.com edit\u00f6ryel se\u00e7kisinde Arter'den iki sergi! ba\u015fl\u0131kl\u0131 yaz\u0131y\u0131 okumak i\u00e7in t\u0131klay\u0131n.","robots":{"index":"index","follow":"follow","max-snippet":"max-snippet:-1","max-image-preview":"max-image-preview:large","max-video-preview":"max-video-preview:-1"},"canonical":"https:\/\/www.artnivo.com\/en\/editorial\/art-news\/arterden-iki-sergi\/","og_locale":"en_US","og_type":"article","og_title":"Arter'den iki sergi! | artnivo","og_description":"artnivo.com edit\u00f6ryel se\u00e7kisinde Arter'den iki sergi! ba\u015fl\u0131kl\u0131 yaz\u0131y\u0131 okumak i\u00e7in t\u0131klay\u0131n.","og_url":"https:\/\/www.artnivo.com\/en\/editorial\/art-news\/arterden-iki-sergi\/","og_site_name":"artnivo","article_publisher":"https:\/\/www.facebook.com\/artnivocom","article_published_time":"2022-03-22T13:25:49+00:00","og_image":[{"width":1000,"height":565,"url":"https:\/\/www.artnivo.com\/wp-content\/uploads\/2021\/05\/artnivohomesocial.jpg","type":"image\/jpeg"}],"author":"\u00d6zge \u0130nal","twitter_card":"summary_large_image","twitter_creator":"@artnivocom","twitter_site":"@artnivocom","twitter_misc":{"Written by":"\u00d6zge \u0130nal","Est. reading time":"2 minutes"},"schema":{"@context":"https:\/\/schema.org","@graph":[{"@type":"Article","@id":"https:\/\/www.artnivo.com\/en\/editorial\/art-news\/arterden-iki-sergi\/#article","isPartOf":{"@id":"https:\/\/www.artnivo.com\/en\/editorial\/art-news\/arterden-iki-sergi\/"},"author":{"name":"\u00d6zge \u0130nal","@id":"https:\/\/www.artnivo.com\/#\/schema\/person\/6e28f06515dff63e7a5a690425732624"},"headline":"Arter&#8217;den iki sergi!","datePublished":"2022-03-22T13:25:49+00:00","dateModified":"2022-03-22T13:25:49+00:00","mainEntityOfPage":{"@id":"https:\/\/www.artnivo.com\/en\/editorial\/art-news\/arterden-iki-sergi\/"},"wordCount":386,"publisher":{"@id":"https:\/\/www.artnivo.com\/#organization"},"keywords":["Haberler"],"articleSection":["Art News"],"inLanguage":"en-US"},{"@type":"WebPage","@id":"https:\/\/www.artnivo.com\/en\/editorial\/art-news\/arterden-iki-sergi\/","url":"https:\/\/www.artnivo.com\/en\/editorial\/art-news\/arterden-iki-sergi\/","name":"Arter'den iki sergi! | artnivo","isPartOf":{"@id":"https:\/\/www.artnivo.com\/#website"},"datePublished":"2022-03-22T13:25:49+00:00","dateModified":"2022-03-22T13:25:49+00:00","description":"artnivo.com edit\u00f6ryel se\u00e7kisinde Arter'den iki sergi! ba\u015fl\u0131kl\u0131 yaz\u0131y\u0131 okumak i\u00e7in t\u0131klay\u0131n.","breadcrumb":{"@id":"https:\/\/www.artnivo.com\/en\/editorial\/art-news\/arterden-iki-sergi\/#breadcrumb"},"inLanguage":"en-US","potentialAction":[{"@type":"ReadAction","target":["https:\/\/www.artnivo.com\/en\/editorial\/art-news\/arterden-iki-sergi\/"]}]},{"@type":"BreadcrumbList","@id":"https:\/\/www.artnivo.com\/en\/editorial\/art-news\/arterden-iki-sergi\/#breadcrumb","itemListElement":[{"@type":"ListItem","position":1,"name":"Anasayfa","item":"https:\/\/www.artnivo.com\/en\/"},{"@type":"ListItem","position":2,"name":"Arter&#8217;den iki sergi!"}]},{"@type":"WebSite","@id":"https:\/\/www.artnivo.com\/#website","url":"https:\/\/www.artnivo.com\/","name":"artnivo","description":"","publisher":{"@id":"https:\/\/www.artnivo.com\/#organization"},"potentialAction":[{"@type":"SearchAction","target":{"@type":"EntryPoint","urlTemplate":"https:\/\/www.artnivo.com\/?s={search_term_string}"},"query-input":{"@type":"PropertyValueSpecification","valueRequired":true,"valueName":"search_term_string"}}],"inLanguage":"en-US"},{"@type":"Organization","@id":"https:\/\/www.artnivo.com\/#organization","name":"artnivo","url":"https:\/\/www.artnivo.com\/","logo":{"@type":"ImageObject","inLanguage":"en-US","@id":"https:\/\/www.artnivo.com\/#\/schema\/logo\/image\/","url":"http:\/\/www.artnivo.com\/wp-content\/uploads\/2021\/05\/artnivokare.jpg","contentUrl":"http:\/\/www.artnivo.com\/wp-content\/uploads\/2021\/05\/artnivokare.jpg","width":750,"height":750,"caption":"artnivo"},"image":{"@id":"https:\/\/www.artnivo.com\/#\/schema\/logo\/image\/"},"sameAs":["https:\/\/www.facebook.com\/artnivocom","https:\/\/x.com\/artnivocom","http:\/\/instagram.com\/artnivocom\/","https:\/\/www.pinterest.com\/artnivocom\/","https:\/\/www.youtube.com\/channel\/UC__bxk2hs4IZ4NiD1Bg4J9w"]},{"@type":"Person","@id":"https:\/\/www.artnivo.com\/#\/schema\/person\/6e28f06515dff63e7a5a690425732624","name":"\u00d6zge \u0130nal","image":{"@type":"ImageObject","inLanguage":"en-US","@id":"https:\/\/www.artnivo.com\/#\/schema\/person\/image\/","url":"https:\/\/secure.gravatar.com\/avatar\/bd17da66c1f10cea1ce12f28ab22e1ad367c1452167fd4b1be1411e9e6d68fa2?s=96&d=mm&r=g","contentUrl":"https:\/\/secure.gravatar.com\/avatar\/bd17da66c1f10cea1ce12f28ab22e1ad367c1452167fd4b1be1411e9e6d68fa2?s=96&d=mm&r=g","caption":"\u00d6zge \u0130nal"}}]}},"_links":{"self":[{"href":"https:\/\/www.artnivo.com\/en\/wp-json\/wp\/v2\/posts\/17171","targetHints":{"allow":["GET"]}}],"collection":[{"href":"https:\/\/www.artnivo.com\/en\/wp-json\/wp\/v2\/posts"}],"about":[{"href":"https:\/\/www.artnivo.com\/en\/wp-json\/wp\/v2\/types\/post"}],"author":[{"embeddable":true,"href":"https:\/\/www.artnivo.com\/en\/wp-json\/wp\/v2\/users\/2"}],"replies":[{"embeddable":true,"href":"https:\/\/www.artnivo.com\/en\/wp-json\/wp\/v2\/comments?post=17171"}],"version-history":[{"count":0,"href":"https:\/\/www.artnivo.com\/en\/wp-json\/wp\/v2\/posts\/17171\/revisions"}],"wp:attachment":[{"href":"https:\/\/www.artnivo.com\/en\/wp-json\/wp\/v2\/media?parent=17171"}],"wp:term":[{"taxonomy":"category","embeddable":true,"href":"https:\/\/www.artnivo.com\/en\/wp-json\/wp\/v2\/categories?post=17171"},{"taxonomy":"post_tag","embeddable":true,"href":"https:\/\/www.artnivo.com\/en\/wp-json\/wp\/v2\/tags?post=17171"}],"curies":[{"name":"wp","href":"https:\/\/api.w.org\/{rel}","templated":true}]}}